{"id":52355,"date":"2025-08-30T19:14:33","date_gmt":"2025-08-30T16:14:33","guid":{"rendered":"https:\/\/www.egemtv.com\/?p=52355"},"modified":"2025-08-30T19:14:33","modified_gmt":"2025-08-30T16:14:33","slug":"mentese-belediyesi-yaz-kurslari-coskulu-etkinlikle-sona-erdi","status":"publish","type":"post","link":"https:\/\/www.egemtv.com\/?p=52355","title":{"rendered":"Mente\u015fe Belediyesi yaz kurslar\u0131 co\u015fkulu etkinlikle sona erdi"},"content":{"rendered":"<p>Mente\u015fe Belediyesi\u2019nin geleneksel hale gelen \u00fccretsiz yaz kurslar\u0131, d\u00fczenlenen renkli ve co\u015fkulu bir kapan\u0131\u015f etkinli\u011fiyle sona erdi. \u00c7ocuklar, gen\u00e7ler ve anne-babalar\u0131n kat\u0131ld\u0131\u011f\u0131 etkinlikte kursiyerler sahneye \u00e7\u0131karak h\u00fcnerlerini sergiledi. Mente\u015fe Belediyesi\u2019nin bu y\u0131l 28 farkl\u0131 bran\u015fta a\u00e7t\u0131\u011f\u0131 kurslara 647 kursiyer kat\u0131ld\u0131.<br \/>\n<br \/>Etkinlik, Mente\u015fe Belediye Ba\u015fkan\u0131 Gonca K\u00f6ksal Aras\u2019\u0131n a\u00e7\u0131l\u0131\u015f konu\u015fmas\u0131 ile ba\u015flad\u0131. Ba\u015fkan K\u00f6ksal Aras konu\u015fmas\u0131nda, &#8220;Yaz boyunca kurslar\u0131m\u0131za kat\u0131lan y\u00fczlerce \u00e7ocu\u011fumuz sanatla, sporla, bilimle bulu\u015ftu. Onlar\u0131n geli\u015fimini g\u00f6rmek, ne\u015felerini payla\u015fmak bizler i\u00e7in en b\u00fcy\u00fck mutluluk. Bu kurslar yaln\u0131zca ders de\u011fil, umutla b\u00fcy\u00fcyen hayallerin ve payla\u015f\u0131lan dostluklar\u0131n hik\u00e2yesi oldu&#8221; dedi.<br \/>\n<br \/>Ba\u015fkan K\u00f6ksal Aras, &#8220;&#8221;G\u00fc\u00e7l\u00fc bir gelecek i\u00e7in \u00e7ocuklar\u0131m\u0131z\u0131 destekliyoruz&#8221;<br \/>\n<br \/>Ba\u015fkan K\u00f6ksal Aras g\u00fc\u00e7l\u00fc bir gelecek i\u00e7in \u00e7ocuklar\u0131 ve gen\u00e7leri desteklediklerini belirterek, \u015funlar\u0131 s\u00f6yledi: &#8220;Yaz boyunca kurslar\u0131m\u0131za kat\u0131lan y\u00fczlerce \u00e7ocu\u011fumuz, gencimiz; sanatla, sporla, bilimle, m\u00fczikle, dansla bulu\u015ftu. \u015eimdi ise bu g\u00fczel yolculu\u011fu hep birlikte, ne\u015feyle, co\u015fkuyla tamaml\u0131yoruz. Bizim i\u00e7in bu kurslar asl\u0131nda, umutla b\u00fcy\u00fcyen hayallerin, yeni ke\u015fiflerin, payla\u015f\u0131lan dostluklar\u0131n hik\u00e2yesi.  \u00c7ocuklar\u0131m\u0131z, 28 farkl\u0131 bran\u015fta a\u00e7\u0131lan kurslar\u0131m\u0131z sayesinde gitar \u00e7ald\u0131, resim yapt\u0131, drama sahnesine \u00e7\u0131kt\u0131. Kimisi seramik yo\u011furdu, kimisi robotik kod yazd\u0131. Sporla ter d\u00f6kt\u00fcler, dansla \u00f6zg\u00fcrle\u015ftiler, satran\u00e7la d\u00fc\u015f\u00fcnmeyi \u00f6\u011frendiler. Ve en \u00f6nemlisi, birlikte \u00f6\u011frendiler, birlikte e\u011flendiler. Burada k\u00fc\u00e7\u00fck ya\u015fta kurdu\u011funuz arkada\u015fl\u0131klar, uzun y\u0131llar s\u00fcrecek dostluklar\u0131n\u0131z\u0131n da ba\u015flang\u0131c\u0131 olacak. Belediyemizin sosyal sorumluluk anlay\u0131\u015f\u0131n\u0131n en g\u00fczel \u00f6rneklerinden olan kurslar\u0131m\u0131zla, \u00e7ocuklar\u0131m\u0131z\u0131n gen\u00e7lerimizin sa\u011fl\u0131kl\u0131 mutlu ve ba\u015far\u0131l\u0131 bireyler olarak hayata kat\u0131lmalar\u0131 bizim i\u00e7in \u00e7ok k\u0131ymetli. Ekonomik \u015fartlar\u0131n her ge\u00e7en g\u00fcn a\u011f\u0131rla\u015ft\u0131\u011f\u0131, \u00e7ocuklar\u0131m\u0131z\u0131, gen\u00e7lerimizi \u00f6zel bir kursa kaydettirmenin bile l\u00fcks oldu\u011fu g\u00fcn\u00fcm\u00fczde belediye olarak bu kurslar\u0131 \u00fccretsiz olarak vermemizin \u00e7ok de\u011ferli oldu\u011funu d\u00fc\u015f\u00fcn\u00fcyorum. Halk\u00e7\u0131 ve e\u015fit bak\u0131\u015f a\u00e7\u0131m\u0131zla e\u011fitime, sanata, spora eri\u015fmek bir ayr\u0131cal\u0131k olmamal\u0131. O y\u00fczden bu kurslar\u0131 seneye daha \u00e7ok \u00e7e\u015fitlendirerek devam ettirece\u011fiz. \u00c7ocuklar\u0131m\u0131za sadece yaz\u0131n de\u011fil k\u0131\u015f\u0131n da kurslar verece\u011fiz. Sadece kent merkezinde de\u011fil k\u0131rsal mahallelerimizdeki \u00e7ocuklar\u0131m\u0131za da bu imk\u00e2nlarla bulu\u015fturmak \u00e7ok k\u0131ymetli. Hepinize tek tek te\u015fekk\u00fcr ediyorum. Anne babalara bizlere olan g\u00fcvenleri i\u00e7in, de\u011ferli e\u011fitmenlerimize de verdikleri emekleri i\u00e7in te\u015fekk\u00fcr ederim&#8221;<br \/>\n<br \/>\u00c7ocuklardan renkli g\u00f6steriler<br \/>\n<br \/>Ba\u015fkan K\u00f6ksal Aras konu\u015fmas\u0131n\u0131n ard\u0131ndan yaz boyunca kurslara kat\u0131lan \u00f6\u011frencilere kat\u0131l\u0131m belgelerini takdim etti. Etkinlikte halk oyunlar\u0131, konser, jimnastik ve dans g\u00f6sterileri, gitar, ukulele ve keman performanslar\u0131 b\u00fcy\u00fck alk\u0131\u015f ald\u0131. \u00c7ocuklar\u0131n el eme\u011fi g\u00f6z nuru eserlerinden olu\u015fan resim, seramik ve el sanatlar\u0131 sergileri de ziyaret\u00e7ilerden tam not ald\u0131.<br \/><\/p>\n","protected":false},"excerpt":{"rendered":"<p>Mente\u015fe Belediyesi\u2019nin geleneksel hale gelen \u00fccretsiz yaz kurslar\u0131, d\u00fczenlenen renkli ve co\u015fkulu bir kapan\u0131\u015f etkinli\u011fiyle sona erdi. \u00c7ocuklar, gen\u00e7ler ve anne-babalar\u0131n kat\u0131ld\u0131\u011f\u0131 etkinlikte kursiyerler sahneye \u00e7\u0131karak h\u00fcnerlerini sergiledi. Mente\u015fe Belediyesi\u2019nin bu y\u0131l 28 farkl\u0131 bran\u015fta a\u00e7t\u0131\u011f\u0131 kurslara 647 kursiyer kat\u0131ld\u0131. Etkinlik, Mente\u015fe Belediye Ba\u015fkan\u0131 Gonca K\u00f6ksal Aras\u2019\u0131n a\u00e7\u0131l\u0131\u015f konu\u015fmas\u0131 ile ba\u015flad\u0131. Ba\u015fkan K\u00f6ksal Aras konu\u015fmas\u0131nda,&#8230;<\/p>\n","protected":false},"author":1,"featured_media":52356,"comment_status":"open","ping_status":"open","sticky":false,"template":"","format":"standard","meta":{"_crdt_document":"","footnotes":""},"categories":[1],"tags":[],"class_list":["post-52355","post","type-post","status-publish","format-standard","has-post-thumbnail","hentry","category-guncel"],"_links":{"self":[{"href":"https:\/\/www.egemtv.com\/index.php?rest_route=\/wp\/v2\/posts\/52355","targetHints":{"allow":["GET"]}}],"collection":[{"href":"https:\/\/www.egemtv.com\/index.php?rest_route=\/wp\/v2\/posts"}],"about":[{"href":"https:\/\/www.egemtv.com\/index.php?rest_route=\/wp\/v2\/types\/post"}],"author":[{"embeddable":true,"href":"https:\/\/www.egemtv.com\/index.php?rest_route=\/wp\/v2\/users\/1"}],"replies":[{"embeddable":true,"href":"https:\/\/www.egemtv.com\/index.php?rest_route=%2Fwp%2Fv2%2Fcomments&post=52355"}],"version-history":[{"count":1,"href":"https:\/\/www.egemtv.com\/index.php?rest_route=\/wp\/v2\/posts\/52355\/revisions"}],"predecessor-version":[{"id":52357,"href":"https:\/\/www.egemtv.com\/index.php?rest_route=\/wp\/v2\/posts\/52355\/revisions\/52357"}],"wp:featuredmedia":[{"embeddable":true,"href":"https:\/\/www.egemtv.com\/index.php?rest_route=\/wp\/v2\/media\/52356"}],"wp:attachment":[{"href":"https:\/\/www.egemtv.com\/index.php?rest_route=%2Fwp%2Fv2%2Fmedia&parent=52355"}],"wp:term":[{"taxonomy":"category","embeddable":true,"href":"https:\/\/www.egemtv.com\/index.php?rest_route=%2Fwp%2Fv2%2Fcategories&post=52355"},{"taxonomy":"post_tag","embeddable":true,"href":"https:\/\/www.egemtv.com\/index.php?rest_route=%2Fwp%2Fv2%2Ftags&post=52355"}],"curies":[{"name":"wp","href":"https:\/\/api.w.org\/{rel}","templated":true}]}}