{"id":52352,"date":"2025-08-30T18:15:38","date_gmt":"2025-08-30T15:15:38","guid":{"rendered":"https:\/\/www.egemtv.com\/?p=52352"},"modified":"2025-08-30T18:15:39","modified_gmt":"2025-08-30T15:15:39","slug":"vatandaslar-yangin-icin-seferber-oldular","status":"publish","type":"post","link":"https:\/\/www.egemtv.com\/?p=52352","title":{"rendered":"Vatanda\u015flar yang\u0131n i\u00e7in seferber oldular"},"content":{"rendered":"<p>Denizli\u2019nin Buldan il\u00e7esinde ba\u015flay\u0131p Ayd\u0131n\u2019\u0131n Buharkent il\u00e7esine yay\u0131lan orman yang\u0131n\u0131nda s\u00f6nd\u00fcrme \u00e7al\u0131\u015fmalar\u0131 aral\u0131ks\u0131z devam ederken, vatanda\u015flar helikopterlerin su ald\u0131\u011f\u0131 yang\u0131n havuzuna tankerlerle su ta\u015f\u0131d\u0131lar.<br \/>\n<br \/>29 A\u011fustos Cuma g\u00fcn\u00fc saat 14.40 s\u0131ralar\u0131nda Denizli Buldan \u00c7atak k\u00f6y\u00fc Armutlu mevkiinde \u00e7\u0131kan ve r\u00fczgarla birlikte geni\u015f alana yay\u0131larak Ayd\u0131n Buharkent il\u00e7esi K\u0131z\u0131ldere mevkiine s\u0131\u00e7rayan orman yang\u0131n\u0131n kontrol alt\u0131na al\u0131nmas\u0131 i\u00e7in \u00e7al\u0131\u015fmalar aral\u0131ks\u0131z s\u00fcr\u00fcyor. 39 araz\u00f6z, 15 su ikmal arac\u0131, 4 dozer ve 322 personel ile karadan, 10 helikopter ve 3 u\u00e7ak ile havadan m\u00fcdahale edilen yang\u0131na, b\u00f6lgedeki vatanda\u015flar ve g\u00f6n\u00fcll\u00fc gruplar\u0131 da destek veriyor. Arazi \u015fartlar\u0131n\u0131n sarp ve vadilerden olu\u015fmas\u0131 sebebiyle zaman zaman ekiplerin alevlere karadan m\u00fcdahalesi zor olurken, yang\u0131n s\u00f6nd\u00fcrme helikopterlerinin su ikmali yapt\u0131\u011f\u0131 yang\u0131n havuzlar\u0131n\u0131n dolu kalmas\u0131 i\u00e7in Buharkentli vatanda\u015flar da, trakt\u00f6rlerle havuza su ta\u015f\u0131yor. Havuzdaki suyun yeterli olmas\u0131 amac\u0131yla topyek\u00fcn m\u00fccadele eden vatanda\u015flar suyla doldurduklar\u0131 tankerleri, yang\u0131n havuzuna bo\u015faltarak s\u00f6nd\u00fcrme \u00e7al\u0131\u015fmalar\u0131na destek veriyor.<br \/>\n<br \/>B\u00f6lgede incelemelerde bulunan Buharkent Belediye Ba\u015fkan\u0131 Mehmet Erol, yapt\u0131\u011f\u0131 a\u00e7\u0131klamada &#8220;K\u0131z\u0131ldere Mahallemizde devam eden yang\u0131na kar\u015f\u0131 m\u00fccadele eden helikopterlerin su ald\u0131\u011f\u0131 yang\u0131n havuzuna kendi imkanlar\u0131yla tankerlerle su ta\u015f\u0131yan hem\u015fehrilerimiz, Buharkent\u2019in dayan\u0131\u015fma ruhunu bir kez daha en g\u00fc\u00e7l\u00fc \u015fekilde g\u00f6steriyor. Bu zorlu s\u00fcre\u00e7te emek veren, canla ba\u015fla \u00e7al\u0131\u015fan t\u00fcm kahramanlar\u0131m\u0131za \u015f\u00fckranlar\u0131m\u0131 sunuyor; yang\u0131n\u0131n en k\u0131sa s\u00fcrede kontrol alt\u0131na al\u0131nmas\u0131n\u0131 diliyorum&#8221; dedi.<br \/><\/p>\n","protected":false},"excerpt":{"rendered":"<p>Denizli\u2019nin Buldan il\u00e7esinde ba\u015flay\u0131p Ayd\u0131n\u2019\u0131n Buharkent il\u00e7esine yay\u0131lan orman yang\u0131n\u0131nda s\u00f6nd\u00fcrme \u00e7al\u0131\u015fmalar\u0131 aral\u0131ks\u0131z devam ederken, vatanda\u015flar helikopterlerin su ald\u0131\u011f\u0131 yang\u0131n havuzuna tankerlerle su ta\u015f\u0131d\u0131lar. 29 A\u011fustos Cuma g\u00fcn\u00fc saat 14.40 s\u0131ralar\u0131nda Denizli Buldan \u00c7atak k\u00f6y\u00fc Armutlu mevkiinde \u00e7\u0131kan ve r\u00fczgarla birlikte geni\u015f alana yay\u0131larak Ayd\u0131n Buharkent il\u00e7esi K\u0131z\u0131ldere mevkiine s\u0131\u00e7rayan orman yang\u0131n\u0131n kontrol alt\u0131na al\u0131nmas\u0131&#8230;<\/p>\n","protected":false},"author":1,"featured_media":52353,"comment_status":"open","ping_status":"open","sticky":false,"template":"","format":"standard","meta":{"_crdt_document":"","footnotes":""},"categories":[5],"tags":[],"class_list":["post-52352","post","type-post","status-publish","format-standard","has-post-thumbnail","hentry","category-asayis"],"_links":{"self":[{"href":"https:\/\/www.egemtv.com\/index.php?rest_route=\/wp\/v2\/posts\/52352","targetHints":{"allow":["GET"]}}],"collection":[{"href":"https:\/\/www.egemtv.com\/index.php?rest_route=\/wp\/v2\/posts"}],"about":[{"href":"https:\/\/www.egemtv.com\/index.php?rest_route=\/wp\/v2\/types\/post"}],"author":[{"embeddable":true,"href":"https:\/\/www.egemtv.com\/index.php?rest_route=\/wp\/v2\/users\/1"}],"replies":[{"embeddable":true,"href":"https:\/\/www.egemtv.com\/index.php?rest_route=%2Fwp%2Fv2%2Fcomments&post=52352"}],"version-history":[{"count":1,"href":"https:\/\/www.egemtv.com\/index.php?rest_route=\/wp\/v2\/posts\/52352\/revisions"}],"predecessor-version":[{"id":52354,"href":"https:\/\/www.egemtv.com\/index.php?rest_route=\/wp\/v2\/posts\/52352\/revisions\/52354"}],"wp:featuredmedia":[{"embeddable":true,"href":"https:\/\/www.egemtv.com\/index.php?rest_route=\/wp\/v2\/media\/52353"}],"wp:attachment":[{"href":"https:\/\/www.egemtv.com\/index.php?rest_route=%2Fwp%2Fv2%2Fmedia&parent=52352"}],"wp:term":[{"taxonomy":"category","embeddable":true,"href":"https:\/\/www.egemtv.com\/index.php?rest_route=%2Fwp%2Fv2%2Fcategories&post=52352"},{"taxonomy":"post_tag","embeddable":true,"href":"https:\/\/www.egemtv.com\/index.php?rest_route=%2Fwp%2Fv2%2Ftags&post=52352"}],"curies":[{"name":"wp","href":"https:\/\/api.w.org\/{rel}","templated":true}]}}