{"id":52349,"date":"2025-08-30T18:15:37","date_gmt":"2025-08-30T15:15:37","guid":{"rendered":"https:\/\/www.egemtv.com\/?p=52349"},"modified":"2025-08-30T18:15:38","modified_gmt":"2025-08-30T15:15:38","slug":"bodrumdan-adaya-yuzerek-zafer-bayramini-kutladilar","status":"publish","type":"post","link":"https:\/\/www.egemtv.com\/?p=52349","title":{"rendered":"Bodrum\u2019dan adaya y\u00fczerek Zafer Bayram\u0131\u2019n\u0131 kutlad\u0131lar"},"content":{"rendered":"<p>Mu\u011fla\u2019n\u0131n Bodrum il\u00e7esi M\u00fcskebi Mahallesi\u2019nde 30 A\u011fustos Zafer Bayram\u0131 bu y\u0131l da denizde kutland\u0131. Ortakent sahilinden ba\u015flayan geleneksel y\u00fczme etkinli\u011fine 7\u2019den 70\u2019e yakla\u015f\u0131k 150 ki\u015fi kat\u0131ld\u0131.<br \/>\n<br \/>Ortakent sahilinden d\u00fcd\u00fckle birlikte kula\u00e7 atan y\u00fcz\u00fcc\u00fcler, Zafer Bayram\u0131 nedeniyle \u00c7elebi Adas\u0131\u2019na do\u011fru y\u00fczd\u00fc. Aileler, k\u0131y\u0131dan cep telefonlar\u0131yla bu anlar\u0131 g\u00f6r\u00fcnt\u00fcleyerek co\u015fkuya ortak oldu. Naz \u0130\u015fbilir \u00f6nc\u00fcl\u00fc\u011f\u00fcnde bu y\u0131l 14\u2019\u00fcnc\u00fcs\u00fc yap\u0131lan organizasyonda g\u00fcvenli\u011fi Sahil G\u00fcvenlik botlar\u0131 sa\u011flad\u0131. Yar\u0131\u015f format\u0131nda olmayan y\u00fczme etkinli\u011fi, en son kat\u0131l\u0131mc\u0131n\u0131n adaya ula\u015fmas\u0131yla tamamland\u0131.<br \/>\n<br \/>Etkinli\u011fe her y\u0131l oldu\u011fu gibi Bodrumspor 105 \u015eubesi Master Tak\u0131m\u0131 da kat\u0131l\u0131m g\u00f6sterdi. Tak\u0131m Ba\u015fkan\u0131 Pelin Yakar, &#8220;14 y\u0131ld\u0131r devam eden bu organizasyonlar\u0131n neredeyse tamam\u0131nda yer ald\u0131k. Her sene b\u00fcy\u00fcyerek ve geli\u015ferek devam eden 30 A\u011fustos \u00c7elebi Adas\u0131 y\u00fczme etkinli\u011fi hem sporcular\u0131 hem de yerel halk\u0131 bir araya getirmesi nedeniyle \u00e7ok \u00f6nemli&#8221; dedi.<br \/>\n<br \/>Kat\u0131l\u0131mc\u0131lar, Zafer Bayram\u0131 co\u015fkusunu denizde birlik ve beraberlik i\u00e7inde kutlaman\u0131n gururunu ya\u015fad\u0131.<br \/><\/p>\n","protected":false},"excerpt":{"rendered":"<p>Mu\u011fla\u2019n\u0131n Bodrum il\u00e7esi M\u00fcskebi Mahallesi\u2019nde 30 A\u011fustos Zafer Bayram\u0131 bu y\u0131l da denizde kutland\u0131. Ortakent sahilinden ba\u015flayan geleneksel y\u00fczme etkinli\u011fine 7\u2019den 70\u2019e yakla\u015f\u0131k 150 ki\u015fi kat\u0131ld\u0131. Ortakent sahilinden d\u00fcd\u00fckle birlikte kula\u00e7 atan y\u00fcz\u00fcc\u00fcler, Zafer Bayram\u0131 nedeniyle \u00c7elebi Adas\u0131\u2019na do\u011fru y\u00fczd\u00fc. Aileler, k\u0131y\u0131dan cep telefonlar\u0131yla bu anlar\u0131 g\u00f6r\u00fcnt\u00fcleyerek co\u015fkuya ortak oldu. Naz \u0130\u015fbilir \u00f6nc\u00fcl\u00fc\u011f\u00fcnde bu y\u0131l&#8230;<\/p>\n","protected":false},"author":1,"featured_media":52350,"comment_status":"open","ping_status":"open","sticky":false,"template":"","format":"standard","meta":{"_crdt_document":"","footnotes":""},"categories":[1],"tags":[],"class_list":["post-52349","post","type-post","status-publish","format-standard","has-post-thumbnail","hentry","category-guncel"],"_links":{"self":[{"href":"https:\/\/www.egemtv.com\/index.php?rest_route=\/wp\/v2\/posts\/52349","targetHints":{"allow":["GET"]}}],"collection":[{"href":"https:\/\/www.egemtv.com\/index.php?rest_route=\/wp\/v2\/posts"}],"about":[{"href":"https:\/\/www.egemtv.com\/index.php?rest_route=\/wp\/v2\/types\/post"}],"author":[{"embeddable":true,"href":"https:\/\/www.egemtv.com\/index.php?rest_route=\/wp\/v2\/users\/1"}],"replies":[{"embeddable":true,"href":"https:\/\/www.egemtv.com\/index.php?rest_route=%2Fwp%2Fv2%2Fcomments&post=52349"}],"version-history":[{"count":1,"href":"https:\/\/www.egemtv.com\/index.php?rest_route=\/wp\/v2\/posts\/52349\/revisions"}],"predecessor-version":[{"id":52351,"href":"https:\/\/www.egemtv.com\/index.php?rest_route=\/wp\/v2\/posts\/52349\/revisions\/52351"}],"wp:featuredmedia":[{"embeddable":true,"href":"https:\/\/www.egemtv.com\/index.php?rest_route=\/wp\/v2\/media\/52350"}],"wp:attachment":[{"href":"https:\/\/www.egemtv.com\/index.php?rest_route=%2Fwp%2Fv2%2Fmedia&parent=52349"}],"wp:term":[{"taxonomy":"category","embeddable":true,"href":"https:\/\/www.egemtv.com\/index.php?rest_route=%2Fwp%2Fv2%2Fcategories&post=52349"},{"taxonomy":"post_tag","embeddable":true,"href":"https:\/\/www.egemtv.com\/index.php?rest_route=%2Fwp%2Fv2%2Ftags&post=52349"}],"curies":[{"name":"wp","href":"https:\/\/api.w.org\/{rel}","templated":true}]}}