{"id":52346,"date":"2025-08-30T17:54:54","date_gmt":"2025-08-30T14:54:54","guid":{"rendered":"https:\/\/www.egemtv.com\/?p=52346"},"modified":"2025-08-30T17:54:55","modified_gmt":"2025-08-30T14:54:55","slug":"fethiyede-madde-bagimlisi-oldugu-iddia-edilen-genc-evi-atese-verdi","status":"publish","type":"post","link":"https:\/\/www.egemtv.com\/?p=52346","title":{"rendered":"Fethiye\u2019de madde ba\u011f\u0131ml\u0131s\u0131 oldu\u011fu iddia edilen gen\u00e7 evi ate\u015fe verdi"},"content":{"rendered":"<p>Mu\u011fla\u2019n\u0131n Fethiye il\u00e7esinde madde ba\u011f\u0131ml\u0131s\u0131 oldu\u011fu iddia edilen gen\u00e7, ailesiyle ya\u015fad\u0131\u011f\u0131 evi ate\u015fe verdi.<\/p>\n<p>Fethiye\u2019nin Cumhuriyet Mahallesi\u2019nde bulunan bir evde \u00e7\u0131kan yang\u0131n, itfaiye ekiplerinin m\u00fcdahalesiyle s\u00f6nd\u00fcr\u00fcld\u00fc. Edinilen bilgiye g\u00f6re, Fethiye Kalesi\u2019nin arkas\u0131nda bulunan evde madde ba\u011f\u0131ml\u0131s\u0131 oldu\u011fu iddia edilen H.Y., ailesiyle ya\u015fad\u0131\u011f\u0131 tart\u0131\u015fman\u0131n ard\u0131ndan evi ate\u015fe verdi. Evden y\u00fckselen dumanlar\u0131 g\u00f6ren \u00e7evredeki vatanda\u015flar durumu 112 Acil \u00c7a\u011fr\u0131 Merkezi\u2019ne bildirdi. \u0130hbar \u00fczerine b\u00f6lgeye itfaiye, sa\u011fl\u0131k ve polis ekipleri sevk edildi. K\u0131sa s\u00fcrede olay yerine ula\u015fan ekipler yakla\u015f\u0131k 30 dakikal\u0131k m\u00fcdahalenin ard\u0131ndan yang\u0131n\u0131 kontrol alt\u0131na alarak s\u00f6nd\u00fcrd\u00fc. Yang\u0131nda evde hasar meydana gelirken, evi ate\u015fe verdi\u011fi \u00f6ne s\u00fcr\u00fclen H.Y. polis ekiplerince yakalanarak g\u00f6zalt\u0131na al\u0131nd\u0131. Olayla ilgili inceleme ba\u015flat\u0131ld\u0131.<br \/><\/p>\n","protected":false},"excerpt":{"rendered":"<p>Mu\u011fla\u2019n\u0131n Fethiye il\u00e7esinde madde ba\u011f\u0131ml\u0131s\u0131 oldu\u011fu iddia edilen gen\u00e7, ailesiyle ya\u015fad\u0131\u011f\u0131 evi ate\u015fe verdi. Fethiye\u2019nin Cumhuriyet Mahallesi\u2019nde bulunan bir evde \u00e7\u0131kan yang\u0131n, itfaiye ekiplerinin m\u00fcdahalesiyle s\u00f6nd\u00fcr\u00fcld\u00fc. Edinilen bilgiye g\u00f6re, Fethiye Kalesi\u2019nin arkas\u0131nda bulunan evde madde ba\u011f\u0131ml\u0131s\u0131 oldu\u011fu iddia edilen H.Y., ailesiyle ya\u015fad\u0131\u011f\u0131 tart\u0131\u015fman\u0131n ard\u0131ndan evi ate\u015fe verdi. Evden y\u00fckselen dumanlar\u0131 g\u00f6ren \u00e7evredeki vatanda\u015flar durumu 112&#8230;<\/p>\n","protected":false},"author":1,"featured_media":52347,"comment_status":"open","ping_status":"open","sticky":false,"template":"","format":"standard","meta":{"_crdt_document":"","footnotes":""},"categories":[5],"tags":[],"class_list":["post-52346","post","type-post","status-publish","format-standard","has-post-thumbnail","hentry","category-asayis"],"_links":{"self":[{"href":"https:\/\/www.egemtv.com\/index.php?rest_route=\/wp\/v2\/posts\/52346","targetHints":{"allow":["GET"]}}],"collection":[{"href":"https:\/\/www.egemtv.com\/index.php?rest_route=\/wp\/v2\/posts"}],"about":[{"href":"https:\/\/www.egemtv.com\/index.php?rest_route=\/wp\/v2\/types\/post"}],"author":[{"embeddable":true,"href":"https:\/\/www.egemtv.com\/index.php?rest_route=\/wp\/v2\/users\/1"}],"replies":[{"embeddable":true,"href":"https:\/\/www.egemtv.com\/index.php?rest_route=%2Fwp%2Fv2%2Fcomments&post=52346"}],"version-history":[{"count":1,"href":"https:\/\/www.egemtv.com\/index.php?rest_route=\/wp\/v2\/posts\/52346\/revisions"}],"predecessor-version":[{"id":52348,"href":"https:\/\/www.egemtv.com\/index.php?rest_route=\/wp\/v2\/posts\/52346\/revisions\/52348"}],"wp:featuredmedia":[{"embeddable":true,"href":"https:\/\/www.egemtv.com\/index.php?rest_route=\/wp\/v2\/media\/52347"}],"wp:attachment":[{"href":"https:\/\/www.egemtv.com\/index.php?rest_route=%2Fwp%2Fv2%2Fmedia&parent=52346"}],"wp:term":[{"taxonomy":"category","embeddable":true,"href":"https:\/\/www.egemtv.com\/index.php?rest_route=%2Fwp%2Fv2%2Fcategories&post=52346"},{"taxonomy":"post_tag","embeddable":true,"href":"https:\/\/www.egemtv.com\/index.php?rest_route=%2Fwp%2Fv2%2Ftags&post=52346"}],"curies":[{"name":"wp","href":"https:\/\/api.w.org\/{rel}","templated":true}]}}