{"id":52343,"date":"2025-08-30T17:54:53","date_gmt":"2025-08-30T14:54:53","guid":{"rendered":"https:\/\/www.egemtv.com\/?p=52343"},"modified":"2025-08-30T17:54:54","modified_gmt":"2025-08-30T14:54:54","slug":"cocuklari-kullanip-hayvanlari-zehirlemisti-tutuklandi","status":"publish","type":"post","link":"https:\/\/www.egemtv.com\/?p=52343","title":{"rendered":"\u00c7ocuklar\u0131 kullan\u0131p hayvanlar\u0131 zehirlemi\u015fti, tutukland\u0131"},"content":{"rendered":"<p>\u0130zmir\u2019in Sel\u00e7uk il\u00e7esinde \u00e7ocuklar\u0131 kullan\u0131p hayvanlara zehirli et da\u011f\u0131tt\u0131ran ve 5 k\u00f6pek ile 3 kedinin \u00f6l\u00fcm\u00fcne sebep oldu\u011fu su\u00e7lamas\u0131yla g\u00f6zalt\u0131na al\u0131nan \u015f\u00fcpheli tutukland\u0131.<br \/>\n<br \/>Olay, 28 A\u011fustos g\u00fcn\u00fc Sel\u00e7uk il\u00e7esi Belevi Mahallesi\u2019nde meydana geldi. Mahallede sahipsiz 5 k\u00f6pek ve 3 kedinin zehirlenerek \u00f6ld\u00fcr\u00fclmesi \u00fczerine jandarma ekipleri harekete ge\u00e7ti. Sel\u00e7uk \u0130l\u00e7e Jandarma Komutanl\u0131\u011f\u0131 ekipleri, olay\u0131n faillerini yakalamak i\u00e7in b\u00f6lgede geni\u015f \u00e7apl\u0131 ara\u015ft\u0131rma ba\u015flatt\u0131. Yakla\u015f\u0131k 60 saatlik kamera incelemesi yapan ekipler, B.\u00c7. ve \u0130.\u0130. isimli iki \u00e7ocu\u011fun hayvanlara zehirli yiyecek verdi\u011fini tespit etti. \u00c7ocuklar, yap\u0131lan m\u00fclakatta zehirli yiyecekleri A.S. isimli \u015fah\u0131stan ald\u0131klar\u0131n\u0131 itiraf etti. Sel\u00e7uk Cumhuriyet Savc\u0131l\u0131\u011f\u0131\u2019n\u0131n talimat\u0131yla \u015f\u00fcpheli A.S.\u2019nin evinde, \u0130l\u00e7e Tar\u0131m M\u00fcd\u00fcrl\u00fc\u011f\u00fc\u2019nden ziraat m\u00fchendislerinin kat\u0131l\u0131m\u0131yla yap\u0131lan aramada, hayvanlar\u0131 zehirlemede kullan\u0131labilece\u011fi de\u011ferlendirilen 5 farkl\u0131 t\u00fcrde zirai ila\u00e7 ele ge\u00e7irildi. G\u00f6zalt\u0131na al\u0131nan A.S.\u2019nin ifadesinde, birka\u00e7 g\u00fcn \u00f6nce bir k\u00f6pe\u011fin sald\u0131r\u0131s\u0131na u\u011frad\u0131\u011f\u0131n\u0131 ve \u0131s\u0131r\u0131ld\u0131\u011f\u0131n\u0131 ileri s\u00fcr\u00fcp, bu nedenle \u00e7ocuklara zehirli et vererek da\u011f\u0131tmalar\u0131n\u0131 istedi\u011fini s\u00f6yledi\u011fi \u00f6\u011frenildi.<br \/>\n<br \/>G\u00f6zalt\u0131ndaki i\u015flemlerinin ard\u0131ndan adliyeye sevk edilen \u015f\u00fcpheli, tutuklanarak cezaevine g\u00f6nderildi.<br \/><\/p>\n","protected":false},"excerpt":{"rendered":"<p>\u0130zmir\u2019in Sel\u00e7uk il\u00e7esinde \u00e7ocuklar\u0131 kullan\u0131p hayvanlara zehirli et da\u011f\u0131tt\u0131ran ve 5 k\u00f6pek ile 3 kedinin \u00f6l\u00fcm\u00fcne sebep oldu\u011fu su\u00e7lamas\u0131yla g\u00f6zalt\u0131na al\u0131nan \u015f\u00fcpheli tutukland\u0131. Olay, 28 A\u011fustos g\u00fcn\u00fc Sel\u00e7uk il\u00e7esi Belevi Mahallesi\u2019nde meydana geldi. Mahallede sahipsiz 5 k\u00f6pek ve 3 kedinin zehirlenerek \u00f6ld\u00fcr\u00fclmesi \u00fczerine jandarma ekipleri harekete ge\u00e7ti. Sel\u00e7uk \u0130l\u00e7e Jandarma Komutanl\u0131\u011f\u0131 ekipleri, olay\u0131n faillerini yakalamak&#8230;<\/p>\n","protected":false},"author":1,"featured_media":52344,"comment_status":"open","ping_status":"open","sticky":false,"template":"","format":"standard","meta":{"_crdt_document":"","footnotes":""},"categories":[5],"tags":[],"class_list":["post-52343","post","type-post","status-publish","format-standard","has-post-thumbnail","hentry","category-asayis"],"_links":{"self":[{"href":"https:\/\/www.egemtv.com\/index.php?rest_route=\/wp\/v2\/posts\/52343","targetHints":{"allow":["GET"]}}],"collection":[{"href":"https:\/\/www.egemtv.com\/index.php?rest_route=\/wp\/v2\/posts"}],"about":[{"href":"https:\/\/www.egemtv.com\/index.php?rest_route=\/wp\/v2\/types\/post"}],"author":[{"embeddable":true,"href":"https:\/\/www.egemtv.com\/index.php?rest_route=\/wp\/v2\/users\/1"}],"replies":[{"embeddable":true,"href":"https:\/\/www.egemtv.com\/index.php?rest_route=%2Fwp%2Fv2%2Fcomments&post=52343"}],"version-history":[{"count":1,"href":"https:\/\/www.egemtv.com\/index.php?rest_route=\/wp\/v2\/posts\/52343\/revisions"}],"predecessor-version":[{"id":52345,"href":"https:\/\/www.egemtv.com\/index.php?rest_route=\/wp\/v2\/posts\/52343\/revisions\/52345"}],"wp:featuredmedia":[{"embeddable":true,"href":"https:\/\/www.egemtv.com\/index.php?rest_route=\/wp\/v2\/media\/52344"}],"wp:attachment":[{"href":"https:\/\/www.egemtv.com\/index.php?rest_route=%2Fwp%2Fv2%2Fmedia&parent=52343"}],"wp:term":[{"taxonomy":"category","embeddable":true,"href":"https:\/\/www.egemtv.com\/index.php?rest_route=%2Fwp%2Fv2%2Fcategories&post=52343"},{"taxonomy":"post_tag","embeddable":true,"href":"https:\/\/www.egemtv.com\/index.php?rest_route=%2Fwp%2Fv2%2Ftags&post=52343"}],"curies":[{"name":"wp","href":"https:\/\/api.w.org\/{rel}","templated":true}]}}