{"id":52340,"date":"2025-08-30T17:14:54","date_gmt":"2025-08-30T14:14:54","guid":{"rendered":"https:\/\/www.egemtv.com\/?p=52340"},"modified":"2025-08-30T17:14:56","modified_gmt":"2025-08-30T14:14:56","slug":"belediye-eliyle-cevre-kirliligi","status":"publish","type":"post","link":"https:\/\/www.egemtv.com\/?p=52340","title":{"rendered":"Belediye eliyle \u00e7evre kirlili\u011fi"},"content":{"rendered":"<p>\u0130zmir\u2019in Kemalpa\u015fa il\u00e7esinde belediyeye ait resmi \u00e7\u00f6p arac\u0131 bo\u015f bir araziye \u00e7\u00f6p bo\u015falt\u0131rken vatanda\u015flara yakaland\u0131.<br \/>\n<br \/>\u0130zmir\u2019in Kemalpa\u015fa il\u00e7esinde ya\u015fanan \u00e7\u00f6p krizi tart\u0131\u015fmalar\u0131 s\u00fcrerken, belediyeye ait resmi bir arac\u0131n bo\u015f bir araziye \u00e7\u00f6p d\u00f6kt\u00fc\u011f\u00fc anlar\u0131n vatanda\u015flar taraf\u0131ndan g\u00f6r\u00fcnt\u00fclendi\u011fi iddia edildi. Vatanda\u015f\u0131n cep telefonu kameras\u0131na yans\u0131yan g\u00f6r\u00fcnt\u00fclerde, Kemalpa\u015fa Belediyesi\u2019ne ait oldu\u011fu g\u00f6r\u00fclen arac\u0131n, il\u00e7e merkezine yak\u0131n \u00c7inili K\u00f6y mevkiindeki bo\u015f araziye \u00e7\u00f6p bo\u015faltt\u0131\u011f\u0131 dikkat \u00e7ekti.<br \/>\n<br \/>G\u00f6r\u00fcnt\u00fcler, sosyal medyada h\u0131zla yay\u0131l\u0131rken \u00e7evre sakinlerinin tepkisine neden oldu.<br \/>\n<br \/>Mahalle sakinleri, \u00e7\u00f6plerin geli\u015fig\u00fczel \u015fekilde do\u011faya b\u0131rak\u0131lmas\u0131n\u0131n hem \u00e7evre kirlili\u011fi olu\u015fturdu\u011fu hem de k\u00f6t\u00fc koku ve sa\u011fl\u0131k riski olu\u015fturdu\u011funu dile getirdi.<br \/><\/p>\n","protected":false},"excerpt":{"rendered":"<p>\u0130zmir\u2019in Kemalpa\u015fa il\u00e7esinde belediyeye ait resmi \u00e7\u00f6p arac\u0131 bo\u015f bir araziye \u00e7\u00f6p bo\u015falt\u0131rken vatanda\u015flara yakaland\u0131. \u0130zmir\u2019in Kemalpa\u015fa il\u00e7esinde ya\u015fanan \u00e7\u00f6p krizi tart\u0131\u015fmalar\u0131 s\u00fcrerken, belediyeye ait resmi bir arac\u0131n bo\u015f bir araziye \u00e7\u00f6p d\u00f6kt\u00fc\u011f\u00fc anlar\u0131n vatanda\u015flar taraf\u0131ndan g\u00f6r\u00fcnt\u00fclendi\u011fi iddia edildi. Vatanda\u015f\u0131n cep telefonu kameras\u0131na yans\u0131yan g\u00f6r\u00fcnt\u00fclerde, Kemalpa\u015fa Belediyesi\u2019ne ait oldu\u011fu g\u00f6r\u00fclen arac\u0131n, il\u00e7e merkezine yak\u0131n \u00c7inili&#8230;<\/p>\n","protected":false},"author":1,"featured_media":52341,"comment_status":"open","ping_status":"open","sticky":false,"template":"","format":"standard","meta":{"_crdt_document":"","footnotes":""},"categories":[1],"tags":[],"class_list":["post-52340","post","type-post","status-publish","format-standard","has-post-thumbnail","hentry","category-guncel"],"_links":{"self":[{"href":"https:\/\/www.egemtv.com\/index.php?rest_route=\/wp\/v2\/posts\/52340","targetHints":{"allow":["GET"]}}],"collection":[{"href":"https:\/\/www.egemtv.com\/index.php?rest_route=\/wp\/v2\/posts"}],"about":[{"href":"https:\/\/www.egemtv.com\/index.php?rest_route=\/wp\/v2\/types\/post"}],"author":[{"embeddable":true,"href":"https:\/\/www.egemtv.com\/index.php?rest_route=\/wp\/v2\/users\/1"}],"replies":[{"embeddable":true,"href":"https:\/\/www.egemtv.com\/index.php?rest_route=%2Fwp%2Fv2%2Fcomments&post=52340"}],"version-history":[{"count":1,"href":"https:\/\/www.egemtv.com\/index.php?rest_route=\/wp\/v2\/posts\/52340\/revisions"}],"predecessor-version":[{"id":52342,"href":"https:\/\/www.egemtv.com\/index.php?rest_route=\/wp\/v2\/posts\/52340\/revisions\/52342"}],"wp:featuredmedia":[{"embeddable":true,"href":"https:\/\/www.egemtv.com\/index.php?rest_route=\/wp\/v2\/media\/52341"}],"wp:attachment":[{"href":"https:\/\/www.egemtv.com\/index.php?rest_route=%2Fwp%2Fv2%2Fmedia&parent=52340"}],"wp:term":[{"taxonomy":"category","embeddable":true,"href":"https:\/\/www.egemtv.com\/index.php?rest_route=%2Fwp%2Fv2%2Fcategories&post=52340"},{"taxonomy":"post_tag","embeddable":true,"href":"https:\/\/www.egemtv.com\/index.php?rest_route=%2Fwp%2Fv2%2Ftags&post=52340"}],"curies":[{"name":"wp","href":"https:\/\/api.w.org\/{rel}","templated":true}]}}