{"id":52337,"date":"2025-08-30T16:54:55","date_gmt":"2025-08-30T13:54:55","guid":{"rendered":"https:\/\/www.egemtv.com\/?p=52337"},"modified":"2025-08-30T16:54:56","modified_gmt":"2025-08-30T13:54:56","slug":"buyuk-zaferin-103-yilinda-dumlupinar-diorama-muzesi-acildi","status":"publish","type":"post","link":"https:\/\/www.egemtv.com\/?p=52337","title":{"rendered":"B\u00fcy\u00fck Zafer\u2019in 103. Y\u0131l\u0131nda Dumlup\u0131nar Diorama M\u00fczesi a\u00e7\u0131ld\u0131"},"content":{"rendered":"<p>B\u00fcy\u00fck Zafer\u2019in 103. y\u0131l\u0131 an\u0131s\u0131na haz\u0131rlanan Dumlup\u0131nar Diorama M\u00fczesi, Gen\u00e7lik ve Spor Bakan\u0131 Dr. Osman A\u015fk\u0131n Bak ile K\u00fctahya Valisi Musa I\u015f\u0131n\u2019\u0131n kat\u0131ld\u0131\u011f\u0131 t\u00f6renle a\u00e7\u0131ld\u0131.<br \/>\n<br \/>T\u00f6rende konu\u015fan Bakan Bak, A\u011fustos ay\u0131n\u0131n T\u00fcrk tarihi i\u00e7in &#8220;zaferler ay\u0131&#8221; oldu\u011funa dikkat \u00e7ekerek, Malazgirt\u2019ten \u00c7anakkale\u2019ye ve Dumlup\u0131nar\u2019a uzanan kahramanl\u0131k zincirine vurgu yapt\u0131. Gen\u00e7lerin milli \u015fuurla yeti\u015fmesinde m\u00fczenin b\u00fcy\u00fck bir kazan\u0131m oldu\u011funu belirten Bakan Bak, &#8220;Bu topraklar\u0131n k\u0131ymetini, \u015fehitlerimizin fedak\u00e2rl\u0131\u011f\u0131n\u0131 gen\u00e7lerimizin bilmesini istiyoruz. Bu eserin kazand\u0131r\u0131lmas\u0131nda eme\u011fi ge\u00e7enlere te\u015fekk\u00fcr ediyorum&#8221; dedi.<br \/>\n<br \/>Vali Musa I\u015f\u0131n ise Dumlup\u0131nar\u2019\u0131n tarih\u00ee \u00f6nemini hat\u0131rlatarak, m\u00fczenin Gazi Mustafa Kemal Atat\u00fcrk\u2019\u00fcn \u00f6nderli\u011finde kazan\u0131lan B\u00fcy\u00fck Zafer\u2019i etkileyici bir \u015fekilde yans\u0131taca\u011f\u0131n\u0131 ifade etti. Vali I\u015f\u0131n, &#8220;T\u00fcrk milleti her d\u00f6nemde esareti reddetmi\u015f, ba\u011f\u0131ms\u0131zl\u0131\u011f\u0131ndan taviz vermemi\u015ftir. Dumlup\u0131nar Diorama M\u00fczesi, \u015fehitlerimizi anmak ve gelecek nesillere bu ruhu ta\u015f\u0131mak a\u00e7\u0131s\u0131ndan \u00e7ok k\u0131ymetlidir. 30 A\u011fustos Zafer Bayram\u0131\u2019n\u0131 kutluyorum&#8221; s\u00f6zleriyle konu\u015fmas\u0131n\u0131 tamamlad\u0131.<br \/><\/p>\n","protected":false},"excerpt":{"rendered":"<p>B\u00fcy\u00fck Zafer\u2019in 103. y\u0131l\u0131 an\u0131s\u0131na haz\u0131rlanan Dumlup\u0131nar Diorama M\u00fczesi, Gen\u00e7lik ve Spor Bakan\u0131 Dr. Osman A\u015fk\u0131n Bak ile K\u00fctahya Valisi Musa I\u015f\u0131n\u2019\u0131n kat\u0131ld\u0131\u011f\u0131 t\u00f6renle a\u00e7\u0131ld\u0131. T\u00f6rende konu\u015fan Bakan Bak, A\u011fustos ay\u0131n\u0131n T\u00fcrk tarihi i\u00e7in &#8220;zaferler ay\u0131&#8221; oldu\u011funa dikkat \u00e7ekerek, Malazgirt\u2019ten \u00c7anakkale\u2019ye ve Dumlup\u0131nar\u2019a uzanan kahramanl\u0131k zincirine vurgu yapt\u0131. Gen\u00e7lerin milli \u015fuurla yeti\u015fmesinde m\u00fczenin b\u00fcy\u00fck bir&#8230;<\/p>\n","protected":false},"author":1,"featured_media":52338,"comment_status":"open","ping_status":"open","sticky":false,"template":"","format":"standard","meta":{"_crdt_document":"","footnotes":""},"categories":[1],"tags":[],"class_list":["post-52337","post","type-post","status-publish","format-standard","has-post-thumbnail","hentry","category-guncel"],"_links":{"self":[{"href":"https:\/\/www.egemtv.com\/index.php?rest_route=\/wp\/v2\/posts\/52337","targetHints":{"allow":["GET"]}}],"collection":[{"href":"https:\/\/www.egemtv.com\/index.php?rest_route=\/wp\/v2\/posts"}],"about":[{"href":"https:\/\/www.egemtv.com\/index.php?rest_route=\/wp\/v2\/types\/post"}],"author":[{"embeddable":true,"href":"https:\/\/www.egemtv.com\/index.php?rest_route=\/wp\/v2\/users\/1"}],"replies":[{"embeddable":true,"href":"https:\/\/www.egemtv.com\/index.php?rest_route=%2Fwp%2Fv2%2Fcomments&post=52337"}],"version-history":[{"count":1,"href":"https:\/\/www.egemtv.com\/index.php?rest_route=\/wp\/v2\/posts\/52337\/revisions"}],"predecessor-version":[{"id":52339,"href":"https:\/\/www.egemtv.com\/index.php?rest_route=\/wp\/v2\/posts\/52337\/revisions\/52339"}],"wp:featuredmedia":[{"embeddable":true,"href":"https:\/\/www.egemtv.com\/index.php?rest_route=\/wp\/v2\/media\/52338"}],"wp:attachment":[{"href":"https:\/\/www.egemtv.com\/index.php?rest_route=%2Fwp%2Fv2%2Fmedia&parent=52337"}],"wp:term":[{"taxonomy":"category","embeddable":true,"href":"https:\/\/www.egemtv.com\/index.php?rest_route=%2Fwp%2Fv2%2Fcategories&post=52337"},{"taxonomy":"post_tag","embeddable":true,"href":"https:\/\/www.egemtv.com\/index.php?rest_route=%2Fwp%2Fv2%2Ftags&post=52337"}],"curies":[{"name":"wp","href":"https:\/\/api.w.org\/{rel}","templated":true}]}}