{"id":52334,"date":"2025-08-30T16:54:54","date_gmt":"2025-08-30T13:54:54","guid":{"rendered":"https:\/\/www.egemtv.com\/?p=52334"},"modified":"2025-08-30T16:54:55","modified_gmt":"2025-08-30T13:54:55","slug":"halk-ege-ette-30-agustos-indirimi-yogun-ilgi-gordu","status":"publish","type":"post","link":"https:\/\/www.egemtv.com\/?p=52334","title":{"rendered":"Halk Ege Et\u2019te \u201930 A\u011fustos \u0130ndirimi\u2019 yo\u011fun ilgi g\u00f6rd\u00fc"},"content":{"rendered":"<p>Ayd\u0131n B\u00fcy\u00fck\u015fehir Belediyesi\u2019nin sosyal belediyecilik anlay\u0131\u015f\u0131yla Halk Ege Et \u015fubelerinde 30 A\u011fustos\u2019a \u00f6zel yap\u0131lan indirime, vatanda\u015flar yo\u011fun ilgi g\u00f6sterdi.<\/p>\n<p>Ayd\u0131n B\u00fcy\u00fck\u015fehir Belediye Ba\u015fkan\u0131 \u00d6zlem \u00c7er\u00e7io\u011flu taraf\u0131ndan hayata ge\u00e7irilen ve vatanda\u015flar\u0131 g\u00fcvenilir, hijyenik, uygun fiyatl\u0131 \u00fcr\u00fcnler ile bulu\u015fturan Halk Ege Et \u015fubelerinde 30 A\u011fustos\u2019a \u00f6zel indirim uyguland\u0131. Et \u00fcr\u00fcnlerinde sa\u011flanan indirimler, Ayd\u0131nl\u0131 vatanda\u015flar\u0131n yo\u011fun ilgisini \u00e7ekti. \u015eubeler, g\u00fcn boyunca al\u0131\u015fveri\u015f yapmak isteyen vatanda\u015flarla dolup ta\u015ft\u0131. B\u00fcy\u00fck\u015fehir Belediyesi\u2019nin sosyal belediyecilik anlay\u0131\u015f\u0131 \u00e7er\u00e7evesinde d\u00fczenlenen indirimler, ailelerin b\u00fct\u00e7elerine katk\u0131 sa\u011flad\u0131. Vatanda\u015flar, Halk Ege Et\u2019ten duyduklar\u0131 memnuniyeti dile getirerek Ba\u015fkan \u00c7er\u00e7io\u011flu\u2019na te\u015fekk\u00fcr etti.<\/p>\n<p>&#8220;Halk Ege Et \u00e7ok g\u00fczel bir uygulama&#8221;<br \/>\n<br \/>Halk Ege Et gibi hizmetlerin t\u00fcm T\u00fcrkiye\u2019ye yay\u0131lmas\u0131 gerekti\u011fini belirten vatanda\u015flardan Fatma Ertekin; &#8220;\u00c7ok g\u00fczel bir uygulama, ke\u015fke T\u00fcrkiye\u2019nin her \u015fehrinde olsa. Eski\u015fehirliyim, ke\u015fke oraya da a\u00e7\u0131lsa b\u00f6yle bir imkan. Bu Ayd\u0131n halk\u0131n\u0131n hayvanlar\u0131n\u0131n tekrar Ayd\u0131nl\u0131lara uygun fiyatlarla mal edilmesi i\u00e7in yap\u0131lan bir uygulama, \u00e7ok da g\u00fczel&#8221; dedi.<\/p>\n<p>Halk Ege Et\u2019in \u00fcr\u00fcnlerini g\u00f6n\u00fcl rahatl\u0131\u011f\u0131 ile t\u00fckettiklerini ifade eden Sevin\u00e7 Y\u0131ld\u0131r\u0131m ise &#8220;Uygulamadan memnunum, Halk Ege Et\u2019in uygulamas\u0131 iyi. Ekmek, et, s\u00fct, peynir. Hepsi de vatanda\u015f\u0131n. Yararlan\u0131yoruz, gayette iyi&#8221; diye konu\u015ftu.<\/p>\n<p>&#8220;\u00d6zlem Ba\u015fkan\u0131m\u0131za te\u015fekk\u00fcr ederiz&#8221;<br \/>\n<br \/>Ayn\u0131 zamanda emekli oldu\u011funu belirten Mesut Ertorun, Halk Ege Et\u2019ten memnun oldu\u011funu belirterek, &#8220;Halk Ege Et ger\u00e7ekten vatanda\u015flar i\u00e7in iyi bir uygulama. Dar gelirli vatanda\u015flar, emekliler Halk Ege Et\u2019ten yo\u011funlukla hizmet al\u0131yor. Hizmetleri g\u00fczel, be\u011feniyoruz, al\u0131yoruz. Bu ma\u011fazalar\u0131n, uygulaman\u0131n t\u00fcm belediyelerde olmas\u0131n\u0131 can\u0131 g\u00f6n\u00fclden istiyorum. \u00c7ok be\u011feniyorum Halk Ege Et\u2019i. Emeklilere her zaman y\u00fczde 20 indirim oluyor, o da tabii bizler i\u00e7in bir avantaj. \u00d6zlem Ba\u015fkan\u0131 seviyoruz, kendisini takdir ediyoruz; bu ma\u011fazalar\u0131 Ayd\u0131n genelinde daha \u00e7ok a\u00e7mas\u0131n\u0131 diliyoruz. \u00d6zlem Ba\u015fkan\u0131m\u0131za te\u015fekk\u00fcr ediyoruz&#8221; ifadelerini kulland\u0131.<\/p>\n<p>&#8220;Halk Ege Et olduk\u00e7a faydal\u0131&#8221;<br \/>\n<br \/>Halk Ege Et\u2019in kaliteli hizmeti ve uygun fiyatlar\u0131yla Ayd\u0131nl\u0131lar i\u00e7in \u00e7ok b\u00fcy\u00fck bir f\u0131rsat oldu\u011funu ifade eden Haluk \u00d6zt\u00fcrk, &#8220;Vatanda\u015flara, bilhassa emekliye Halk Ege Et\u2019in \u00e7ok faydal\u0131 oldu\u011funu d\u00fc\u015f\u00fcn\u00fcyorum. Bir emekli olarak \u00d6zlem Ba\u015fkan\u0131m\u0131za te\u015fekk\u00fcr ederim. Uzun zamand\u0131r devam eden bir hizmet Halk Ege Et, te\u015fekk\u00fcr ederiz&#8221; diye konu\u015ftu.<\/p>\n<p>Halk Ege Et\u2019in ba\u015fta emekliler olmak \u00fczere t\u00fcm vatanda\u015flar i\u00e7in ula\u015f\u0131labilir ve uygun fiyatlarla \u00fcr\u00fcnler sundu\u011funu belirten Adalet Totur, &#8220;Kuruldu\u011fundan beri gayet memnunuz. G\u00f6n\u00fcl rahatl\u0131\u011f\u0131yla al\u0131\u015fveri\u015f yap\u0131yoruz, \u00f6zellikle emekliler i\u00e7in \u00e7ok g\u00fczel&#8221; diye konu\u015ftu.<\/p>\n<p>Ayd\u0131n B\u00fcy\u00fck\u015fehir Belediye Ba\u015fkan\u0131 \u00d6zlem \u00c7er\u00e7io\u011flu\u2019na te\u015fekk\u00fcrlerini ileten Kadir Tarlan, &#8220;Bug\u00fcn Halk Ege Et\u2019te \u00f6zel bir g\u00fcn var, herkesin faydalanabildi\u011fi bir indirim var. \u00d6zlem Ba\u015fkan\u0131m\u0131za \u00e7al\u0131\u015fmalar\u0131ndan dolay\u0131 \u00e7ok te\u015fekk\u00fcr ederim, b\u00f6yle bir imkan sundu\u011fu i\u00e7in sa\u011folsunlar&#8221; dedi.<br \/><\/p>\n","protected":false},"excerpt":{"rendered":"<p>Ayd\u0131n B\u00fcy\u00fck\u015fehir Belediyesi\u2019nin sosyal belediyecilik anlay\u0131\u015f\u0131yla Halk Ege Et \u015fubelerinde 30 A\u011fustos\u2019a \u00f6zel yap\u0131lan indirime, vatanda\u015flar yo\u011fun ilgi g\u00f6sterdi. Ayd\u0131n B\u00fcy\u00fck\u015fehir Belediye Ba\u015fkan\u0131 \u00d6zlem \u00c7er\u00e7io\u011flu taraf\u0131ndan hayata ge\u00e7irilen ve vatanda\u015flar\u0131 g\u00fcvenilir, hijyenik, uygun fiyatl\u0131 \u00fcr\u00fcnler ile bulu\u015fturan Halk Ege Et \u015fubelerinde 30 A\u011fustos\u2019a \u00f6zel indirim uyguland\u0131. Et \u00fcr\u00fcnlerinde sa\u011flanan indirimler, Ayd\u0131nl\u0131 vatanda\u015flar\u0131n yo\u011fun ilgisini \u00e7ekti&#8230;.<\/p>\n","protected":false},"author":1,"featured_media":52335,"comment_status":"open","ping_status":"open","sticky":false,"template":"","format":"standard","meta":{"_crdt_document":"","footnotes":""},"categories":[1],"tags":[],"class_list":["post-52334","post","type-post","status-publish","format-standard","has-post-thumbnail","hentry","category-guncel"],"_links":{"self":[{"href":"https:\/\/www.egemtv.com\/index.php?rest_route=\/wp\/v2\/posts\/52334","targetHints":{"allow":["GET"]}}],"collection":[{"href":"https:\/\/www.egemtv.com\/index.php?rest_route=\/wp\/v2\/posts"}],"about":[{"href":"https:\/\/www.egemtv.com\/index.php?rest_route=\/wp\/v2\/types\/post"}],"author":[{"embeddable":true,"href":"https:\/\/www.egemtv.com\/index.php?rest_route=\/wp\/v2\/users\/1"}],"replies":[{"embeddable":true,"href":"https:\/\/www.egemtv.com\/index.php?rest_route=%2Fwp%2Fv2%2Fcomments&post=52334"}],"version-history":[{"count":1,"href":"https:\/\/www.egemtv.com\/index.php?rest_route=\/wp\/v2\/posts\/52334\/revisions"}],"predecessor-version":[{"id":52336,"href":"https:\/\/www.egemtv.com\/index.php?rest_route=\/wp\/v2\/posts\/52334\/revisions\/52336"}],"wp:featuredmedia":[{"embeddable":true,"href":"https:\/\/www.egemtv.com\/index.php?rest_route=\/wp\/v2\/media\/52335"}],"wp:attachment":[{"href":"https:\/\/www.egemtv.com\/index.php?rest_route=%2Fwp%2Fv2%2Fmedia&parent=52334"}],"wp:term":[{"taxonomy":"category","embeddable":true,"href":"https:\/\/www.egemtv.com\/index.php?rest_route=%2Fwp%2Fv2%2Fcategories&post=52334"},{"taxonomy":"post_tag","embeddable":true,"href":"https:\/\/www.egemtv.com\/index.php?rest_route=%2Fwp%2Fv2%2Ftags&post=52334"}],"curies":[{"name":"wp","href":"https:\/\/api.w.org\/{rel}","templated":true}]}}