{"id":52331,"date":"2025-08-30T16:34:58","date_gmt":"2025-08-30T13:34:58","guid":{"rendered":"https:\/\/www.egemtv.com\/?p=52331"},"modified":"2025-08-30T16:34:58","modified_gmt":"2025-08-30T13:34:58","slug":"yunt-derde-baskan-uyumaz-guven-tazeledi","status":"publish","type":"post","link":"https:\/\/www.egemtv.com\/?p=52331","title":{"rendered":"Yunt-Der\u2019de Ba\u015fkan Uyumaz g\u00fcven tazeledi"},"content":{"rendered":"<p>Manisa Yuntda\u011fl\u0131lar Derne\u011fi\u2019nde (Yunt-Der) yap\u0131lan ola\u011fan\u00fcst\u00fc genel kurul toplant\u0131s\u0131nda mevcut ba\u015fkan Mustafa Uyumaz g\u00fcven tazeleyerek yeniden g\u00f6reve se\u00e7ildi.<br \/>\n<br \/>Manisa merkeze ba\u011fl\u0131 85 k\u00f6yden 63\u2019\u00fcne hitap eden Manisa Yunt-Der\u2019in ola\u011fan\u00fcst\u00fc genel kurul toplant\u0131s\u0131 Dernekler Binas\u0131 8. kat\u0131ndaki dernek ofisinde yap\u0131ld\u0131. Genel kurul toplant\u0131s\u0131na Yuntda\u011f\u0131 mahalle muhtarlar\u0131 ile dernek \u00fcyeleri kat\u0131ld\u0131. Tek listeyle gidilen se\u00e7imde mevcut ba\u015fkan Mustafa Uyumaz genel kurula kat\u0131lan 89 \u00fcyeden 60\u2019\u0131n\u0131n oyuyla yeniden dernek ba\u015fkanl\u0131\u011f\u0131na se\u00e7ildi.<br \/>\n<br \/>Mustafa Uyumaz ba\u015fkanl\u0131\u011f\u0131ndaki yeni y\u00f6netim kurulu Arif Ger\u00e7ek, Bayram Yelbo\u011fa, Erol Nurba\u015f, G\u00fcrcan Kartal, H\u00fcseyin \u00d6zdemir, H\u00fcseyin Baysal, Mehmet Turhan, \u015eaban Arpa, \u00d6mer Gengil ve Zeynel Mutlu\u2019dan olu\u015ftu. Denetim Kurulu \u00fcyeliklerine ise Ahmet G\u00f6kalp, Ramazan \u00c7etinkaya ve Ahmet se\u00e7ildi.<br \/><\/p>\n","protected":false},"excerpt":{"rendered":"<p>Manisa Yuntda\u011fl\u0131lar Derne\u011fi\u2019nde (Yunt-Der) yap\u0131lan ola\u011fan\u00fcst\u00fc genel kurul toplant\u0131s\u0131nda mevcut ba\u015fkan Mustafa Uyumaz g\u00fcven tazeleyerek yeniden g\u00f6reve se\u00e7ildi. Manisa merkeze ba\u011fl\u0131 85 k\u00f6yden 63\u2019\u00fcne hitap eden Manisa Yunt-Der\u2019in ola\u011fan\u00fcst\u00fc genel kurul toplant\u0131s\u0131 Dernekler Binas\u0131 8. kat\u0131ndaki dernek ofisinde yap\u0131ld\u0131. Genel kurul toplant\u0131s\u0131na Yuntda\u011f\u0131 mahalle muhtarlar\u0131 ile dernek \u00fcyeleri kat\u0131ld\u0131. Tek listeyle gidilen se\u00e7imde mevcut ba\u015fkan&#8230;<\/p>\n","protected":false},"author":1,"featured_media":52332,"comment_status":"open","ping_status":"open","sticky":false,"template":"","format":"standard","meta":{"_crdt_document":"","footnotes":""},"categories":[123],"tags":[],"class_list":["post-52331","post","type-post","status-publish","format-standard","has-post-thumbnail","hentry","category-gundem"],"_links":{"self":[{"href":"https:\/\/www.egemtv.com\/index.php?rest_route=\/wp\/v2\/posts\/52331","targetHints":{"allow":["GET"]}}],"collection":[{"href":"https:\/\/www.egemtv.com\/index.php?rest_route=\/wp\/v2\/posts"}],"about":[{"href":"https:\/\/www.egemtv.com\/index.php?rest_route=\/wp\/v2\/types\/post"}],"author":[{"embeddable":true,"href":"https:\/\/www.egemtv.com\/index.php?rest_route=\/wp\/v2\/users\/1"}],"replies":[{"embeddable":true,"href":"https:\/\/www.egemtv.com\/index.php?rest_route=%2Fwp%2Fv2%2Fcomments&post=52331"}],"version-history":[{"count":1,"href":"https:\/\/www.egemtv.com\/index.php?rest_route=\/wp\/v2\/posts\/52331\/revisions"}],"predecessor-version":[{"id":52333,"href":"https:\/\/www.egemtv.com\/index.php?rest_route=\/wp\/v2\/posts\/52331\/revisions\/52333"}],"wp:featuredmedia":[{"embeddable":true,"href":"https:\/\/www.egemtv.com\/index.php?rest_route=\/wp\/v2\/media\/52332"}],"wp:attachment":[{"href":"https:\/\/www.egemtv.com\/index.php?rest_route=%2Fwp%2Fv2%2Fmedia&parent=52331"}],"wp:term":[{"taxonomy":"category","embeddable":true,"href":"https:\/\/www.egemtv.com\/index.php?rest_route=%2Fwp%2Fv2%2Fcategories&post=52331"},{"taxonomy":"post_tag","embeddable":true,"href":"https:\/\/www.egemtv.com\/index.php?rest_route=%2Fwp%2Fv2%2Ftags&post=52331"}],"curies":[{"name":"wp","href":"https:\/\/api.w.org\/{rel}","templated":true}]}}