{"id":52328,"date":"2025-08-30T16:34:57","date_gmt":"2025-08-30T13:34:57","guid":{"rendered":"https:\/\/www.egemtv.com\/?p=52328"},"modified":"2025-08-30T16:34:57","modified_gmt":"2025-08-30T13:34:57","slug":"otomobil-50-metre-suruklendi-1-yarali","status":"publish","type":"post","link":"https:\/\/www.egemtv.com\/?p=52328","title":{"rendered":"Otomobil 50 metre s\u00fcr\u00fcklendi: 1 yaral\u0131"},"content":{"rendered":"<p>Ayd\u0131n\u2019\u0131n Efeler il\u00e7esi Mu\u011fla Bulvar\u0131 \u00fczerinde iki otomobilin \u00e7arp\u0131\u015fmas\u0131 sonucu meydana gelen kazada 1 ki\u015fi yaraland\u0131.<\/p>\n<p>Kaza, Efeler il\u00e7esi Ayd\u0131n-Mu\u011fla Karayolu \u00c7evre Bulvar\u0131 kav\u015fa\u011f\u0131nda meydana geldi. Edinilen bilgiye g\u00f6re kav\u015fak i\u00e7inde bekleyen 41 HT 164 plakal\u0131 ticari ara\u00e7 ile Mu\u011fla y\u00f6n\u00fcnde seyir halinde olan 09 BU 347 plakal\u0131 otomobil \u00e7arp\u0131\u015ft\u0131. \u00c7arp\u0131\u015fman\u0131n etkisiyle otomobil yakla\u015f\u0131k 50 metre s\u00fcr\u00fcklenerek ters d\u00f6nd\u00fc. Kazada ara\u00e7lar kullan\u0131lamaz hale gelirken, otomobil i\u00e7erisinde bulunan 1 ki\u015fi yaraland\u0131. Kazay\u0131 g\u00f6renler durumu 112 Acil \u00c7a\u011fr\u0131 Merkezi\u2019ne bildirdi. \u0130hbar \u00fczerine b\u00f6lgeye polis ve sa\u011fl\u0131k ekipleri sevk edildi. K\u0131sa s\u00fcrede olay yerine gelen sa\u011fl\u0131k ekipleri, yaral\u0131y\u0131 ilk m\u00fcdahalenin ard\u0131ndan ambulansla hastaneye kald\u0131rd\u0131. Bir s\u00fcre trafi\u011fe kapanan yol, ara\u00e7lar\u0131n \u00e7ekici marifetiyle yoldan kald\u0131r\u0131lmas\u0131n\u0131n ard\u0131ndan yeniden trafi\u011fe a\u00e7\u0131l\u0131rken, kaza ile ilgili inceleme ba\u015flat\u0131ld\u0131.<br \/>\n<br \/>Olay yerindeki g\u00f6rg\u00fc tan\u0131klar\u0131n\u0131n iddialar\u0131na g\u00f6re kaza, ticari arac\u0131n kav\u015fak i\u00e7indeyken arac\u0131n burnunu d\u0131\u015far\u0131ya \u00e7ok fazla \u00e7\u0131karmas\u0131 ve otomobilin k\u0131rm\u0131z\u0131 \u0131\u015f\u0131\u011fa tak\u0131lmamak i\u00e7in h\u0131z kesmeden gelmesi sonucu meydana geldi.<br \/><\/p>\n","protected":false},"excerpt":{"rendered":"<p>Ayd\u0131n\u2019\u0131n Efeler il\u00e7esi Mu\u011fla Bulvar\u0131 \u00fczerinde iki otomobilin \u00e7arp\u0131\u015fmas\u0131 sonucu meydana gelen kazada 1 ki\u015fi yaraland\u0131. Kaza, Efeler il\u00e7esi Ayd\u0131n-Mu\u011fla Karayolu \u00c7evre Bulvar\u0131 kav\u015fa\u011f\u0131nda meydana geldi. Edinilen bilgiye g\u00f6re kav\u015fak i\u00e7inde bekleyen 41 HT 164 plakal\u0131 ticari ara\u00e7 ile Mu\u011fla y\u00f6n\u00fcnde seyir halinde olan 09 BU 347 plakal\u0131 otomobil \u00e7arp\u0131\u015ft\u0131. \u00c7arp\u0131\u015fman\u0131n etkisiyle otomobil yakla\u015f\u0131k 50&#8230;<\/p>\n","protected":false},"author":1,"featured_media":52329,"comment_status":"open","ping_status":"open","sticky":false,"template":"","format":"standard","meta":{"_crdt_document":"","footnotes":""},"categories":[5],"tags":[],"class_list":["post-52328","post","type-post","status-publish","format-standard","has-post-thumbnail","hentry","category-asayis"],"_links":{"self":[{"href":"https:\/\/www.egemtv.com\/index.php?rest_route=\/wp\/v2\/posts\/52328","targetHints":{"allow":["GET"]}}],"collection":[{"href":"https:\/\/www.egemtv.com\/index.php?rest_route=\/wp\/v2\/posts"}],"about":[{"href":"https:\/\/www.egemtv.com\/index.php?rest_route=\/wp\/v2\/types\/post"}],"author":[{"embeddable":true,"href":"https:\/\/www.egemtv.com\/index.php?rest_route=\/wp\/v2\/users\/1"}],"replies":[{"embeddable":true,"href":"https:\/\/www.egemtv.com\/index.php?rest_route=%2Fwp%2Fv2%2Fcomments&post=52328"}],"version-history":[{"count":1,"href":"https:\/\/www.egemtv.com\/index.php?rest_route=\/wp\/v2\/posts\/52328\/revisions"}],"predecessor-version":[{"id":52330,"href":"https:\/\/www.egemtv.com\/index.php?rest_route=\/wp\/v2\/posts\/52328\/revisions\/52330"}],"wp:featuredmedia":[{"embeddable":true,"href":"https:\/\/www.egemtv.com\/index.php?rest_route=\/wp\/v2\/media\/52329"}],"wp:attachment":[{"href":"https:\/\/www.egemtv.com\/index.php?rest_route=%2Fwp%2Fv2%2Fmedia&parent=52328"}],"wp:term":[{"taxonomy":"category","embeddable":true,"href":"https:\/\/www.egemtv.com\/index.php?rest_route=%2Fwp%2Fv2%2Fcategories&post=52328"},{"taxonomy":"post_tag","embeddable":true,"href":"https:\/\/www.egemtv.com\/index.php?rest_route=%2Fwp%2Fv2%2Ftags&post=52328"}],"curies":[{"name":"wp","href":"https:\/\/api.w.org\/{rel}","templated":true}]}}