{"id":52313,"date":"2025-08-30T15:56:01","date_gmt":"2025-08-30T12:56:01","guid":{"rendered":"https:\/\/www.egemtv.com\/?p=52313"},"modified":"2025-08-30T15:56:03","modified_gmt":"2025-08-30T12:56:03","slug":"ispartada-30-agustos-zafer-bayraminin-103ncu-yili-coskuyla-kutlandi","status":"publish","type":"post","link":"https:\/\/www.egemtv.com\/?p=52313","title":{"rendered":"Isparta\u2019da 30 A\u011fustos Zafer Bayram\u0131\u2019n\u0131n 103\u2019nc\u00fc y\u0131l\u0131 co\u015fkuyla kutland\u0131"},"content":{"rendered":"<p>Isparta\u2019da 30 A\u011fustos Zafer Bayram\u0131\u2019n\u0131n 103\u2019nc\u00fc y\u0131l\u0131 co\u015fkuyla kutland\u0131.<br \/>\n<br \/>Isparta\u2019da 30 A\u011fustos Zafer Bayram\u0131 kutlamalar\u0131 \u00e7er\u00e7evesinde bir dizi program ger\u00e7ekle\u015ftirildi. Program 15 Temmuz Demokrasi ve Cumhuriyet Meydan\u0131\u2019nda \u00e7elenk sunumuyla ba\u015flad\u0131. Isparta Valisi Abdullah Erin, Piyade K\u0131demli Albay Merdin K\u0131\u015fkan ve Isparta Belediye Ba\u015fkan\u0131 \u015e\u00fckr\u00fc Ba\u015fde\u011firmen taraf\u0131ndan Atat\u00fcrk An\u0131t\u0131\u2019na \u00e7elenk b\u0131rak\u0131ld\u0131. Sayg\u0131 duru\u015funda bulunulmas\u0131 ve \u0130stiklal Mar\u015f\u0131\u2019n\u0131n okunmas\u0131n\u0131n ard\u0131ndan \u00e7elenk sunumu sona erdi. Program \u00e7er\u00e7evesinde Cumhurba\u015fkan\u0131 Recep Tayyip Erdo\u011fan\u2019\u0131n 30 A\u011fustos Zafer Bayram\u0131 mesaj\u0131 okundu. G\u00fcn\u00fcn anlam ve \u00f6nemini belirten \u015fiirlerin okunmas\u0131n\u0131n ard\u0131ndan resmi ge\u00e7it t\u00f6reni d\u00fczenlendi. \u00c7e\u015fitli kurum ve \u00f6\u011frencilerin ge\u00e7i\u015fi ile ba\u015flayan ge\u00e7it t\u00f6reni, askeri birliklerin ve gazilerin ge\u00e7i\u015finin ard\u0131ndan sona erdi. Isparta\u2019da kutlamalar ak\u015fam d\u00fczenlenecek kortej y\u00fcr\u00fcy\u00fc\u015f\u00fc ve konserlerle devam edecek.<br \/><\/p>\n","protected":false},"excerpt":{"rendered":"<p>Isparta\u2019da 30 A\u011fustos Zafer Bayram\u0131\u2019n\u0131n 103\u2019nc\u00fc y\u0131l\u0131 co\u015fkuyla kutland\u0131. Isparta\u2019da 30 A\u011fustos Zafer Bayram\u0131 kutlamalar\u0131 \u00e7er\u00e7evesinde bir dizi program ger\u00e7ekle\u015ftirildi. Program 15 Temmuz Demokrasi ve Cumhuriyet Meydan\u0131\u2019nda \u00e7elenk sunumuyla ba\u015flad\u0131. Isparta Valisi Abdullah Erin, Piyade K\u0131demli Albay Merdin K\u0131\u015fkan ve Isparta Belediye Ba\u015fkan\u0131 \u015e\u00fckr\u00fc Ba\u015fde\u011firmen taraf\u0131ndan Atat\u00fcrk An\u0131t\u0131\u2019na \u00e7elenk b\u0131rak\u0131ld\u0131. Sayg\u0131 duru\u015funda bulunulmas\u0131 ve \u0130stiklal&#8230;<\/p>\n","protected":false},"author":1,"featured_media":52314,"comment_status":"open","ping_status":"open","sticky":false,"template":"","format":"standard","meta":{"_crdt_document":"","footnotes":""},"categories":[1],"tags":[],"class_list":["post-52313","post","type-post","status-publish","format-standard","has-post-thumbnail","hentry","category-guncel"],"_links":{"self":[{"href":"https:\/\/www.egemtv.com\/index.php?rest_route=\/wp\/v2\/posts\/52313","targetHints":{"allow":["GET"]}}],"collection":[{"href":"https:\/\/www.egemtv.com\/index.php?rest_route=\/wp\/v2\/posts"}],"about":[{"href":"https:\/\/www.egemtv.com\/index.php?rest_route=\/wp\/v2\/types\/post"}],"author":[{"embeddable":true,"href":"https:\/\/www.egemtv.com\/index.php?rest_route=\/wp\/v2\/users\/1"}],"replies":[{"embeddable":true,"href":"https:\/\/www.egemtv.com\/index.php?rest_route=%2Fwp%2Fv2%2Fcomments&post=52313"}],"version-history":[{"count":1,"href":"https:\/\/www.egemtv.com\/index.php?rest_route=\/wp\/v2\/posts\/52313\/revisions"}],"predecessor-version":[{"id":52315,"href":"https:\/\/www.egemtv.com\/index.php?rest_route=\/wp\/v2\/posts\/52313\/revisions\/52315"}],"wp:featuredmedia":[{"embeddable":true,"href":"https:\/\/www.egemtv.com\/index.php?rest_route=\/wp\/v2\/media\/52314"}],"wp:attachment":[{"href":"https:\/\/www.egemtv.com\/index.php?rest_route=%2Fwp%2Fv2%2Fmedia&parent=52313"}],"wp:term":[{"taxonomy":"category","embeddable":true,"href":"https:\/\/www.egemtv.com\/index.php?rest_route=%2Fwp%2Fv2%2Fcategories&post=52313"},{"taxonomy":"post_tag","embeddable":true,"href":"https:\/\/www.egemtv.com\/index.php?rest_route=%2Fwp%2Fv2%2Ftags&post=52313"}],"curies":[{"name":"wp","href":"https:\/\/api.w.org\/{rel}","templated":true}]}}