{"id":52307,"date":"2025-08-30T15:55:59","date_gmt":"2025-08-30T12:55:59","guid":{"rendered":"https:\/\/www.egemtv.com\/?p=52307"},"modified":"2025-08-30T15:56:00","modified_gmt":"2025-08-30T12:56:00","slug":"egirdirde-30-agustos-zafer-bayrami-coskusu","status":"publish","type":"post","link":"https:\/\/www.egemtv.com\/?p=52307","title":{"rendered":"E\u011firdir\u2019de 30 A\u011fustos Zafer Bayram\u0131 co\u015fkusu"},"content":{"rendered":"<p>30 A\u011fustos Zafer Bayram\u0131\u2019n\u0131n 103. y\u0131l d\u00f6n\u00fcm\u00fc E\u011firdir\u2019de b\u00fcy\u00fck bir gurur ve co\u015fkuyla kutland\u0131.<br \/>\n<br \/>30 A\u011fustos Zafer Bayram\u0131\u2019n\u0131n 103. y\u0131l d\u00f6n\u00fcm\u00fc, t\u00fcm yurtta oldu\u011fu gibi Isparta\u2019n\u0131n E\u011firdir il\u00e7esinde de co\u015fkuyla kutland\u0131. D\u00fczenlenen programa il\u00e7e protokol\u00fc, \u00f6\u011frenciler ve vatanda\u015flar yo\u011fun kat\u0131l\u0131m g\u00f6sterdi. Kutlamalar sabah saat 09.00\u2019da Kale \u00f6n\u00fc meydan\u0131nda bulunan Atat\u00fcrk An\u0131t\u0131\u2019na \u00e7elenk sunumuyla ba\u015flad\u0131. E\u011firdir Kaymakam\u0131 \u00d6mer \u00c7im\u015fit, E\u011firdir Da\u011f Komando Okulu ve E\u011fitim Merkezi Garnizon Komutan\u0131 Tu\u011fgeneral Ahmet A\u015f\u0131k ve E\u011firdir Belediye Ba\u015fkan\u0131 Mustafa \u00d6zer, Atat\u00fcrk An\u0131t\u0131\u2019na \u00e7elenk sunarak Ulu \u00d6nder Mustafa Kemal Atat\u00fcrk ve silah arkada\u015flar\u0131n\u0131 sayg\u0131yla and\u0131. Ard\u0131ndan sayg\u0131 duru\u015funda bulunuldu ve \u0130stiklal Mar\u015f\u0131 okundu. \u00c7elenk sunma t\u00f6reninin ard\u0131ndan Kaymakaml\u0131k makam\u0131nda tebrikat program\u0131 ger\u00e7ekle\u015ftirildi. Kaymakam \u00c7im\u015fit, Garnizon Komutan\u0131 A\u015f\u0131k ve Belediye Ba\u015fkan\u0131 \u00d6zer burada tebrikleri kabul etti. Kale \u00f6n\u00fc meydan\u0131nda devam eden kutlama program\u0131nda, g\u00fcn\u00fcn anlam ve \u00f6nemine dair konu\u015fmay\u0131 Piyade Komando \u00dcste\u011fmen Muhammed Ra\u015fid \u00dcnl\u00fc yapt\u0131. E\u011firdir Ak\u015femseddin Mesleki ve Teknik Anadolu Lisesi \u00f6\u011frencisi Melek T\u00fcrkcan\u2019\u0131n okudu\u011fu \u015fiir ise duygu dolu anlar ya\u015fatt\u0131.<\/p>\n<p>Komandolar\u0131n ge\u00e7i\u015fi b\u00fcy\u00fck ilgi g\u00f6rd\u00fc<br \/>\n<br \/>T\u00f6rende en \u00e7ok ilgi \u00e7eken anlardan biri komandolar\u0131n ge\u00e7i\u015fi oldu. E\u011firdir Da\u011f Komando Okulu ve E\u011fitim Merkezi Komutanl\u0131\u011f\u0131\u2019na ba\u011fl\u0131 askerlerin gurur dolu y\u00fcr\u00fcy\u00fc\u015f\u00fc, protokol \u00fcyeleri ve vatanda\u015flardan uzun s\u00fcre alk\u0131\u015f ald\u0131. Program, toplu hat\u0131ra foto\u011fraflar\u0131n\u0131n \u00e7ekilmesiyle sona erdi. Kutlamalar kapsam\u0131nda a\u00e7\u0131lan askeri m\u00fchimmat sergisi de vatanda\u015flardan yo\u011fun ilgi g\u00f6rd\u00fc. Komandolar\u0131n e\u011fitimlerde ve operasyonlarda kulland\u0131\u011f\u0131 silahlar, te\u00e7hizatlar ve savunma ara\u00e7lar\u0131 sergide sergilendi. \u00d6zellikle gen\u00e7lerin dikkatle inceledi\u011fi m\u00fchimmatlar hakk\u0131nda g\u00f6revliler detayl\u0131 bilgilendirme yapt\u0131. Zafer Bayram\u0131 etkinlikleri, bu ak\u015fam saat 20.20\u2019de Babasultan Kav\u015fa\u011f\u0131\u2019ndan ba\u015flay\u0131p Kale \u00f6n\u00fc meydan\u0131nda sona erecek olan fener alay\u0131 y\u00fcr\u00fcy\u00fc\u015f\u00fc ile devam edecek.<br \/><\/p>\n","protected":false},"excerpt":{"rendered":"<p>30 A\u011fustos Zafer Bayram\u0131\u2019n\u0131n 103. y\u0131l d\u00f6n\u00fcm\u00fc E\u011firdir\u2019de b\u00fcy\u00fck bir gurur ve co\u015fkuyla kutland\u0131. 30 A\u011fustos Zafer Bayram\u0131\u2019n\u0131n 103. y\u0131l d\u00f6n\u00fcm\u00fc, t\u00fcm yurtta oldu\u011fu gibi Isparta\u2019n\u0131n E\u011firdir il\u00e7esinde de co\u015fkuyla kutland\u0131. D\u00fczenlenen programa il\u00e7e protokol\u00fc, \u00f6\u011frenciler ve vatanda\u015flar yo\u011fun kat\u0131l\u0131m g\u00f6sterdi. Kutlamalar sabah saat 09.00\u2019da Kale \u00f6n\u00fc meydan\u0131nda bulunan Atat\u00fcrk An\u0131t\u0131\u2019na \u00e7elenk sunumuyla ba\u015flad\u0131. E\u011firdir&#8230;<\/p>\n","protected":false},"author":1,"featured_media":52308,"comment_status":"open","ping_status":"open","sticky":false,"template":"","format":"standard","meta":{"_crdt_document":"","footnotes":""},"categories":[1],"tags":[],"class_list":["post-52307","post","type-post","status-publish","format-standard","has-post-thumbnail","hentry","category-guncel"],"_links":{"self":[{"href":"https:\/\/www.egemtv.com\/index.php?rest_route=\/wp\/v2\/posts\/52307","targetHints":{"allow":["GET"]}}],"collection":[{"href":"https:\/\/www.egemtv.com\/index.php?rest_route=\/wp\/v2\/posts"}],"about":[{"href":"https:\/\/www.egemtv.com\/index.php?rest_route=\/wp\/v2\/types\/post"}],"author":[{"embeddable":true,"href":"https:\/\/www.egemtv.com\/index.php?rest_route=\/wp\/v2\/users\/1"}],"replies":[{"embeddable":true,"href":"https:\/\/www.egemtv.com\/index.php?rest_route=%2Fwp%2Fv2%2Fcomments&post=52307"}],"version-history":[{"count":1,"href":"https:\/\/www.egemtv.com\/index.php?rest_route=\/wp\/v2\/posts\/52307\/revisions"}],"predecessor-version":[{"id":52309,"href":"https:\/\/www.egemtv.com\/index.php?rest_route=\/wp\/v2\/posts\/52307\/revisions\/52309"}],"wp:featuredmedia":[{"embeddable":true,"href":"https:\/\/www.egemtv.com\/index.php?rest_route=\/wp\/v2\/media\/52308"}],"wp:attachment":[{"href":"https:\/\/www.egemtv.com\/index.php?rest_route=%2Fwp%2Fv2%2Fmedia&parent=52307"}],"wp:term":[{"taxonomy":"category","embeddable":true,"href":"https:\/\/www.egemtv.com\/index.php?rest_route=%2Fwp%2Fv2%2Fcategories&post=52307"},{"taxonomy":"post_tag","embeddable":true,"href":"https:\/\/www.egemtv.com\/index.php?rest_route=%2Fwp%2Fv2%2Ftags&post=52307"}],"curies":[{"name":"wp","href":"https:\/\/api.w.org\/{rel}","templated":true}]}}