{"id":52304,"date":"2025-08-30T15:36:03","date_gmt":"2025-08-30T12:36:03","guid":{"rendered":"https:\/\/www.egemtv.com\/?p=52304"},"modified":"2025-08-30T15:36:03","modified_gmt":"2025-08-30T12:36:03","slug":"yon-degistiren-yangin-buldani-tehdit-ediyor","status":"publish","type":"post","link":"https:\/\/www.egemtv.com\/?p=52304","title":{"rendered":"Y\u00f6n de\u011fi\u015ftiren yang\u0131n Buldan\u2019\u0131 tehdit ediyor"},"content":{"rendered":"<p>DEN\u0130ZL\u0130 (\u0130HA) \u2013 Denizli \u2013 Ayd\u0131n il s\u0131n\u0131rlar\u0131nda \u00fc\u00e7 g\u00fcnd\u00fcr devam orman yang\u0131n\u0131, r\u00fczgar\u0131n y\u00f6n de\u011fi\u015ftirmesiyle Buldan il\u00e7esini tehdit etmeye ba\u015flad\u0131.<\/p>\n<p>Buldan il\u00e7esine ba\u011fl\u0131 \u00c7atak Mahallesinde ba\u015flayarak \u00fc\u00e7 g\u00fcnd\u00fcr, Denizli \u2013 Ayd\u0131n il s\u0131n\u0131r\u0131nda ve Buharkent il\u00e7esine ba\u011fl\u0131 K\u0131z\u0131ldere Mahallesi b\u00f6lgelerinde devam eden yang\u0131n, r\u00fczgar\u0131nda etkisiyle y\u00f6n de\u011fi\u015ftirdi. Buldan\u2019a ba\u011fl\u0131 Bostanyeri Mahallesi Ar\u0131klar b\u00f6lgesine ula\u015fan alevlerini h\u0131zla Kumral\u0131 b\u00f6lgesine ula\u015fmas\u0131ndan endi\u015fe ediliyor.<br \/><\/p>\n","protected":false},"excerpt":{"rendered":"<p>DEN\u0130ZL\u0130 (\u0130HA) \u2013 Denizli \u2013 Ayd\u0131n il s\u0131n\u0131rlar\u0131nda \u00fc\u00e7 g\u00fcnd\u00fcr devam orman yang\u0131n\u0131, r\u00fczgar\u0131n y\u00f6n de\u011fi\u015ftirmesiyle Buldan il\u00e7esini tehdit etmeye ba\u015flad\u0131. Buldan il\u00e7esine ba\u011fl\u0131 \u00c7atak Mahallesinde ba\u015flayarak \u00fc\u00e7 g\u00fcnd\u00fcr, Denizli \u2013 Ayd\u0131n il s\u0131n\u0131r\u0131nda ve Buharkent il\u00e7esine ba\u011fl\u0131 K\u0131z\u0131ldere Mahallesi b\u00f6lgelerinde devam eden yang\u0131n, r\u00fczgar\u0131nda etkisiyle y\u00f6n de\u011fi\u015ftirdi. Buldan\u2019a ba\u011fl\u0131 Bostanyeri Mahallesi Ar\u0131klar b\u00f6lgesine ula\u015fan&#8230;<\/p>\n","protected":false},"author":1,"featured_media":52305,"comment_status":"open","ping_status":"open","sticky":false,"template":"","format":"standard","meta":{"_crdt_document":"","footnotes":""},"categories":[5],"tags":[],"class_list":["post-52304","post","type-post","status-publish","format-standard","has-post-thumbnail","hentry","category-asayis"],"_links":{"self":[{"href":"https:\/\/www.egemtv.com\/index.php?rest_route=\/wp\/v2\/posts\/52304","targetHints":{"allow":["GET"]}}],"collection":[{"href":"https:\/\/www.egemtv.com\/index.php?rest_route=\/wp\/v2\/posts"}],"about":[{"href":"https:\/\/www.egemtv.com\/index.php?rest_route=\/wp\/v2\/types\/post"}],"author":[{"embeddable":true,"href":"https:\/\/www.egemtv.com\/index.php?rest_route=\/wp\/v2\/users\/1"}],"replies":[{"embeddable":true,"href":"https:\/\/www.egemtv.com\/index.php?rest_route=%2Fwp%2Fv2%2Fcomments&post=52304"}],"version-history":[{"count":1,"href":"https:\/\/www.egemtv.com\/index.php?rest_route=\/wp\/v2\/posts\/52304\/revisions"}],"predecessor-version":[{"id":52306,"href":"https:\/\/www.egemtv.com\/index.php?rest_route=\/wp\/v2\/posts\/52304\/revisions\/52306"}],"wp:featuredmedia":[{"embeddable":true,"href":"https:\/\/www.egemtv.com\/index.php?rest_route=\/wp\/v2\/media\/52305"}],"wp:attachment":[{"href":"https:\/\/www.egemtv.com\/index.php?rest_route=%2Fwp%2Fv2%2Fmedia&parent=52304"}],"wp:term":[{"taxonomy":"category","embeddable":true,"href":"https:\/\/www.egemtv.com\/index.php?rest_route=%2Fwp%2Fv2%2Fcategories&post=52304"},{"taxonomy":"post_tag","embeddable":true,"href":"https:\/\/www.egemtv.com\/index.php?rest_route=%2Fwp%2Fv2%2Ftags&post=52304"}],"curies":[{"name":"wp","href":"https:\/\/api.w.org\/{rel}","templated":true}]}}