{"id":52286,"date":"2025-08-30T14:55:06","date_gmt":"2025-08-30T11:55:06","guid":{"rendered":"https:\/\/www.egemtv.com\/?p=52286"},"modified":"2025-08-30T14:55:07","modified_gmt":"2025-08-30T11:55:07","slug":"chpli-denizli-buyuksehirde-skandal-30-agustos-unutuldu-otobuslere-bayrak-asilmadi","status":"publish","type":"post","link":"https:\/\/www.egemtv.com\/?p=52286","title":{"rendered":"CHP\u2019li Denizli B\u00fcy\u00fck\u015fehirde skandal; 30 A\u011fustos unutuldu, otob\u00fcslere bayrak as\u0131lmad\u0131"},"content":{"rendered":"<p>DEN\u0130ZL\u0130 (\u0130HA) \u2013 CHP\u2019li Denizli B\u00fcy\u00fck\u015fehir Belediyesi, 30 A\u011fustos Zafer Bayram\u0131 ve T\u00fcrk Silahl\u0131 Kuvvetleri G\u00fcn\u00fcnde b\u00fcy\u00fck bir skandala imza att\u0131. Milli bayramlar\u0131n gelene\u011fi unutulunca, \u015fehir i\u00e7i ula\u015f\u0131m ara\u00e7lar\u0131 Zafer Bayram\u0131nda T\u00fcrk bayra\u011f\u0131 olmadan sefer yapt\u0131.<\/p>\n<p>30 A\u011fustos Zafer Bayram\u0131 ve T\u00fcrk Silahl\u0131 Kuvvetleri G\u00fcn\u00fc, t\u00fcm yurt geneli ve d\u0131\u015f temsilciliklerde oldu\u011fu gibi Denizli\u2019de de co\u015fkuyla kutland\u0131. Denizli B\u00fcy\u00fck\u015fehir Belediyesi Ula\u015f\u0131m A.\u015e.\u2019nin milli bayram gelene\u011fini unutmas\u0131, kutlamalara g\u00f6lge d\u00fc\u015f\u00fcrd\u00fc. Denizli B\u00fcy\u00fck\u015fehir Belediyesi Ula\u015f\u0131m A.\u015e.\u2019de 30 A\u011fustos Zafer Bayram\u0131 unutulunca, her milli bayram\u0131n \u00f6ncesi gecesi ger\u00e7ekle\u015ftirilen \u015fehir i\u00e7i ula\u015f\u0131m ara\u00e7lar\u0131na T\u00fcrk bayra\u011f\u0131 ve flama asma gelene\u011fi bu bayramda ger\u00e7ekle\u015ftirilemedi.<\/p>\n<p>Otob\u00fcslerin bir\u00e7o\u011fu bayraks\u0131z sefer yapt\u0131<br \/>\n<br \/>Ancak bu sabah Zafer Bayram\u0131 kutlamalar\u0131n\u0131n ba\u015flad\u0131\u011f\u0131 saat 10.00\u2019da fark edilen hatan\u0131n d\u00fczeltilmesini m\u00fcmk\u00fcn olmad\u0131. Yap\u0131lan duyurularla otob\u00fcslerin bir b\u00f6l\u00fcm\u00fcne bayraklar as\u0131l\u0131rken, ula\u015f\u0131m ara\u00e7lar\u0131n\u0131n b\u00fcy\u00fck bir k\u0131sm\u0131 T\u00fcrk bayra\u011f\u0131 olmadan seferlerine devam etmek zorunda kald\u0131.<\/p>\n<p>Denizli B\u00fcy\u00fck\u015fehir Belediyesinin, milli bayramlarda gelenek haline gelen otob\u00fcslere flama ve bayrak asmay\u0131 unutmas\u0131 b\u00fcy\u00fck tepkiye neden oldu. T\u00fcrkiye Cumhuriyetinin kurucusu Gazi Mustafa Kemal Atat\u00fcrk\u2019\u00fcn kurdu\u011fu Cumhuriyet Halk Partili bir belediyenin b\u00f6ylesi anlaml\u0131 bir milli g\u00fcnde imza att\u0131\u011f\u0131 skandal, ele\u015ftirilerin \u00f6tesinde sorumsuzluk olarak yorumland\u0131.<br \/><\/p>\n","protected":false},"excerpt":{"rendered":"<p>DEN\u0130ZL\u0130 (\u0130HA) \u2013 CHP\u2019li Denizli B\u00fcy\u00fck\u015fehir Belediyesi, 30 A\u011fustos Zafer Bayram\u0131 ve T\u00fcrk Silahl\u0131 Kuvvetleri G\u00fcn\u00fcnde b\u00fcy\u00fck bir skandala imza att\u0131. Milli bayramlar\u0131n gelene\u011fi unutulunca, \u015fehir i\u00e7i ula\u015f\u0131m ara\u00e7lar\u0131 Zafer Bayram\u0131nda T\u00fcrk bayra\u011f\u0131 olmadan sefer yapt\u0131. 30 A\u011fustos Zafer Bayram\u0131 ve T\u00fcrk Silahl\u0131 Kuvvetleri G\u00fcn\u00fc, t\u00fcm yurt geneli ve d\u0131\u015f temsilciliklerde oldu\u011fu gibi Denizli\u2019de de&#8230;<\/p>\n","protected":false},"author":1,"featured_media":52287,"comment_status":"open","ping_status":"open","sticky":false,"template":"","format":"standard","meta":{"_crdt_document":"","footnotes":""},"categories":[127],"tags":[],"class_list":["post-52286","post","type-post","status-publish","format-standard","has-post-thumbnail","hentry","category-siyaset"],"_links":{"self":[{"href":"https:\/\/www.egemtv.com\/index.php?rest_route=\/wp\/v2\/posts\/52286","targetHints":{"allow":["GET"]}}],"collection":[{"href":"https:\/\/www.egemtv.com\/index.php?rest_route=\/wp\/v2\/posts"}],"about":[{"href":"https:\/\/www.egemtv.com\/index.php?rest_route=\/wp\/v2\/types\/post"}],"author":[{"embeddable":true,"href":"https:\/\/www.egemtv.com\/index.php?rest_route=\/wp\/v2\/users\/1"}],"replies":[{"embeddable":true,"href":"https:\/\/www.egemtv.com\/index.php?rest_route=%2Fwp%2Fv2%2Fcomments&post=52286"}],"version-history":[{"count":1,"href":"https:\/\/www.egemtv.com\/index.php?rest_route=\/wp\/v2\/posts\/52286\/revisions"}],"predecessor-version":[{"id":52288,"href":"https:\/\/www.egemtv.com\/index.php?rest_route=\/wp\/v2\/posts\/52286\/revisions\/52288"}],"wp:featuredmedia":[{"embeddable":true,"href":"https:\/\/www.egemtv.com\/index.php?rest_route=\/wp\/v2\/media\/52287"}],"wp:attachment":[{"href":"https:\/\/www.egemtv.com\/index.php?rest_route=%2Fwp%2Fv2%2Fmedia&parent=52286"}],"wp:term":[{"taxonomy":"category","embeddable":true,"href":"https:\/\/www.egemtv.com\/index.php?rest_route=%2Fwp%2Fv2%2Fcategories&post=52286"},{"taxonomy":"post_tag","embeddable":true,"href":"https:\/\/www.egemtv.com\/index.php?rest_route=%2Fwp%2Fv2%2Ftags&post=52286"}],"curies":[{"name":"wp","href":"https:\/\/api.w.org\/{rel}","templated":true}]}}