{"id":52283,"date":"2025-08-30T14:55:05","date_gmt":"2025-08-30T11:55:05","guid":{"rendered":"https:\/\/www.egemtv.com\/?p=52283"},"modified":"2025-08-30T14:55:06","modified_gmt":"2025-08-30T11:55:06","slug":"bodrum-aciklarinda-19-duzensiz-gocmen-kurtarildi","status":"publish","type":"post","link":"https:\/\/www.egemtv.com\/?p=52283","title":{"rendered":"Bodrum a\u00e7\u0131klar\u0131nda 19 d\u00fczensiz g\u00f6\u00e7men kurtar\u0131ld\u0131"},"content":{"rendered":"<p>Mu\u011fla\u2019n\u0131n Bodrum il\u00e7esi a\u00e7\u0131klar\u0131nda can sal\u0131 i\u00e7erisindeki 19 d\u00fczensiz g\u00f6\u00e7men kurtar\u0131ld\u0131.<\/p>\n<p>Bodrum a\u00e7\u0131klar\u0131nda can sal\u0131 i\u00e7erisinde bir grup d\u00fczensiz g\u00f6\u00e7men oldu\u011fu bilgisinin al\u0131nmas\u0131 \u00fczerine Sahil G\u00fcvenlik Botlar\u0131 b\u00f6lgeye hareket etti. Yunanistan unsurlar\u0131nca T\u00fcrk Karasular\u0131na geri itilen can sal\u0131 i\u00e7erisindeki 19 d\u00fczensiz g\u00f6\u00e7men ekipler taraf\u0131ndan kurtar\u0131ld\u0131. Limana getirilen g\u00f6\u00e7menler, i\u015flemlerinin ard\u0131ndan Mu\u011fla \u0130l G\u00f6\u00e7 \u0130daresi M\u00fcd\u00fcrl\u00fc\u011f\u00fc\u2019ne g\u00f6nderildi.<br \/><\/p>\n","protected":false},"excerpt":{"rendered":"<p>Mu\u011fla\u2019n\u0131n Bodrum il\u00e7esi a\u00e7\u0131klar\u0131nda can sal\u0131 i\u00e7erisindeki 19 d\u00fczensiz g\u00f6\u00e7men kurtar\u0131ld\u0131. Bodrum a\u00e7\u0131klar\u0131nda can sal\u0131 i\u00e7erisinde bir grup d\u00fczensiz g\u00f6\u00e7men oldu\u011fu bilgisinin al\u0131nmas\u0131 \u00fczerine Sahil G\u00fcvenlik Botlar\u0131 b\u00f6lgeye hareket etti. Yunanistan unsurlar\u0131nca T\u00fcrk Karasular\u0131na geri itilen can sal\u0131 i\u00e7erisindeki 19 d\u00fczensiz g\u00f6\u00e7men ekipler taraf\u0131ndan kurtar\u0131ld\u0131. Limana getirilen g\u00f6\u00e7menler, i\u015flemlerinin ard\u0131ndan Mu\u011fla \u0130l G\u00f6\u00e7 \u0130daresi M\u00fcd\u00fcrl\u00fc\u011f\u00fc\u2019ne&#8230;<\/p>\n","protected":false},"author":1,"featured_media":52284,"comment_status":"open","ping_status":"open","sticky":false,"template":"","format":"standard","meta":{"_crdt_document":"","footnotes":""},"categories":[5],"tags":[],"class_list":["post-52283","post","type-post","status-publish","format-standard","has-post-thumbnail","hentry","category-asayis"],"_links":{"self":[{"href":"https:\/\/www.egemtv.com\/index.php?rest_route=\/wp\/v2\/posts\/52283","targetHints":{"allow":["GET"]}}],"collection":[{"href":"https:\/\/www.egemtv.com\/index.php?rest_route=\/wp\/v2\/posts"}],"about":[{"href":"https:\/\/www.egemtv.com\/index.php?rest_route=\/wp\/v2\/types\/post"}],"author":[{"embeddable":true,"href":"https:\/\/www.egemtv.com\/index.php?rest_route=\/wp\/v2\/users\/1"}],"replies":[{"embeddable":true,"href":"https:\/\/www.egemtv.com\/index.php?rest_route=%2Fwp%2Fv2%2Fcomments&post=52283"}],"version-history":[{"count":1,"href":"https:\/\/www.egemtv.com\/index.php?rest_route=\/wp\/v2\/posts\/52283\/revisions"}],"predecessor-version":[{"id":52285,"href":"https:\/\/www.egemtv.com\/index.php?rest_route=\/wp\/v2\/posts\/52283\/revisions\/52285"}],"wp:featuredmedia":[{"embeddable":true,"href":"https:\/\/www.egemtv.com\/index.php?rest_route=\/wp\/v2\/media\/52284"}],"wp:attachment":[{"href":"https:\/\/www.egemtv.com\/index.php?rest_route=%2Fwp%2Fv2%2Fmedia&parent=52283"}],"wp:term":[{"taxonomy":"category","embeddable":true,"href":"https:\/\/www.egemtv.com\/index.php?rest_route=%2Fwp%2Fv2%2Fcategories&post=52283"},{"taxonomy":"post_tag","embeddable":true,"href":"https:\/\/www.egemtv.com\/index.php?rest_route=%2Fwp%2Fv2%2Ftags&post=52283"}],"curies":[{"name":"wp","href":"https:\/\/api.w.org\/{rel}","templated":true}]}}