{"id":52280,"date":"2025-08-30T14:55:04","date_gmt":"2025-08-30T11:55:04","guid":{"rendered":"https:\/\/www.egemtv.com\/?p=52280"},"modified":"2025-08-30T14:55:05","modified_gmt":"2025-08-30T11:55:05","slug":"bozdoganda-30-agustos-torenle-kutlandi","status":"publish","type":"post","link":"https:\/\/www.egemtv.com\/?p=52280","title":{"rendered":"Bozdo\u011fan\u2019da 30 A\u011fustos t\u00f6renle kutland\u0131"},"content":{"rendered":"<p>Ayd\u0131n\u2019\u0131n Bozdo\u011fan il\u00e7esinde, 30 A\u011fustos Zafer Bayram\u0131\u2019n\u0131n 103. y\u0131l d\u00f6n\u00fcm\u00fc d\u00fczenlenen t\u00f6renlerle kutland\u0131.<br \/>\n<br \/>Ayd\u0131n genelinde oldu\u011fu gibi Bozdo\u011fan\u2019da da 30 A\u011fustos Zafer Bayram\u0131\u2019n\u0131n 103. y\u0131l d\u00f6n\u00fcm\u00fc program\u0131, saat 10.00\u2019da H\u00fck\u00fcmet Kona\u011f\u0131 Atat\u00fcrk An\u0131t\u0131\u2019na \u00e7elenk sunumuyla ba\u015flad\u0131. Bozdo\u011fan H\u00fck\u00fcmet Kona\u011f\u0131 bah\u00e7esinde ger\u00e7ekle\u015ftirilen \u00e7elenk sunma t\u00f6renine Bozdo\u011fan Kaymakam\u0131 Yunus Emre Polat, Belediye Ba\u015fkan Yard\u0131mc\u0131s\u0131 \u0130smail \u00d6ztaban, Cumhuriyet Savc\u0131s\u0131 Husameddin G\u00f6r\u00fcnmez, il\u00e7e protokol\u00fc, kurum amirleri ve \u00e7ok say\u0131da vatanda\u015f kat\u0131ld\u0131. \u00c7elenk sunumunun ard\u0131ndan Kaymakam Polat, tebrikleri makam\u0131nda kabul etti. Program kapsam\u0131nda Bozdo\u011fan Asri Mezarl\u0131\u011f\u0131\u2019nda bulunan \u015fehitlik ziyaret edilerek Kur\u2019an-\u0131 Kerim okundu, dualar edildi. 30 A\u011fustos\u2019un milletin ba\u011f\u0131ms\u0131zl\u0131k m\u00fccadelesinde d\u00f6n\u00fcm noktas\u0131 oldu\u011funa vurgu yap\u0131lan t\u00f6rende, ba\u015fta Gazi Mustafa Kemal Atat\u00fcrk olmak \u00fczere, vatan u\u011fruna canlar\u0131n\u0131 feda eden t\u00fcm \u015fehitler ve kahraman gaziler bir kez daha rahmet, minnet ve sayg\u0131yla an\u0131ld\u0131.<br \/><\/p>\n","protected":false},"excerpt":{"rendered":"<p>Ayd\u0131n\u2019\u0131n Bozdo\u011fan il\u00e7esinde, 30 A\u011fustos Zafer Bayram\u0131\u2019n\u0131n 103. y\u0131l d\u00f6n\u00fcm\u00fc d\u00fczenlenen t\u00f6renlerle kutland\u0131. Ayd\u0131n genelinde oldu\u011fu gibi Bozdo\u011fan\u2019da da 30 A\u011fustos Zafer Bayram\u0131\u2019n\u0131n 103. y\u0131l d\u00f6n\u00fcm\u00fc program\u0131, saat 10.00\u2019da H\u00fck\u00fcmet Kona\u011f\u0131 Atat\u00fcrk An\u0131t\u0131\u2019na \u00e7elenk sunumuyla ba\u015flad\u0131. Bozdo\u011fan H\u00fck\u00fcmet Kona\u011f\u0131 bah\u00e7esinde ger\u00e7ekle\u015ftirilen \u00e7elenk sunma t\u00f6renine Bozdo\u011fan Kaymakam\u0131 Yunus Emre Polat, Belediye Ba\u015fkan Yard\u0131mc\u0131s\u0131 \u0130smail \u00d6ztaban, Cumhuriyet&#8230;<\/p>\n","protected":false},"author":1,"featured_media":52281,"comment_status":"open","ping_status":"open","sticky":false,"template":"","format":"standard","meta":{"_crdt_document":"","footnotes":""},"categories":[1],"tags":[],"class_list":["post-52280","post","type-post","status-publish","format-standard","has-post-thumbnail","hentry","category-guncel"],"_links":{"self":[{"href":"https:\/\/www.egemtv.com\/index.php?rest_route=\/wp\/v2\/posts\/52280","targetHints":{"allow":["GET"]}}],"collection":[{"href":"https:\/\/www.egemtv.com\/index.php?rest_route=\/wp\/v2\/posts"}],"about":[{"href":"https:\/\/www.egemtv.com\/index.php?rest_route=\/wp\/v2\/types\/post"}],"author":[{"embeddable":true,"href":"https:\/\/www.egemtv.com\/index.php?rest_route=\/wp\/v2\/users\/1"}],"replies":[{"embeddable":true,"href":"https:\/\/www.egemtv.com\/index.php?rest_route=%2Fwp%2Fv2%2Fcomments&post=52280"}],"version-history":[{"count":1,"href":"https:\/\/www.egemtv.com\/index.php?rest_route=\/wp\/v2\/posts\/52280\/revisions"}],"predecessor-version":[{"id":52282,"href":"https:\/\/www.egemtv.com\/index.php?rest_route=\/wp\/v2\/posts\/52280\/revisions\/52282"}],"wp:featuredmedia":[{"embeddable":true,"href":"https:\/\/www.egemtv.com\/index.php?rest_route=\/wp\/v2\/media\/52281"}],"wp:attachment":[{"href":"https:\/\/www.egemtv.com\/index.php?rest_route=%2Fwp%2Fv2%2Fmedia&parent=52280"}],"wp:term":[{"taxonomy":"category","embeddable":true,"href":"https:\/\/www.egemtv.com\/index.php?rest_route=%2Fwp%2Fv2%2Fcategories&post=52280"},{"taxonomy":"post_tag","embeddable":true,"href":"https:\/\/www.egemtv.com\/index.php?rest_route=%2Fwp%2Fv2%2Ftags&post=52280"}],"curies":[{"name":"wp","href":"https:\/\/api.w.org\/{rel}","templated":true}]}}