{"id":52277,"date":"2025-08-30T14:36:06","date_gmt":"2025-08-30T11:36:06","guid":{"rendered":"https:\/\/www.egemtv.com\/?p=52277"},"modified":"2025-08-30T14:36:07","modified_gmt":"2025-08-30T11:36:07","slug":"manisa-ilcelerinde-30-agustos-coskusu","status":"publish","type":"post","link":"https:\/\/www.egemtv.com\/?p=52277","title":{"rendered":"Manisa il\u00e7elerinde 30 A\u011fustos co\u015fkusu"},"content":{"rendered":"<p>Manisa\u2019n\u0131n Salihli, Turgutlu, Kula, Sar\u0131g\u00f6l ve Selendi il\u00e7elerinde 30 A\u011fustos Zafer Bayram\u0131\u2019n\u0131n 103. y\u0131ld\u00f6n\u00fcm\u00fc dolay\u0131s\u0131yla kutlama programlar\u0131 d\u00fczenlendi.<br \/>\n<br \/>Ba\u015fkomutan Gazi Mustafa Kemal Atat\u00fcrk\u2019\u00fcn \u00f6nderli\u011finde T\u00fcrk milletinin ba\u011f\u0131ms\u0131zl\u0131k u\u011fruna g\u00f6sterdi\u011fi azim ve kararl\u0131l\u0131\u011f\u0131n t\u00fcm d\u00fcnyaya ilan edildi\u011fi 30 A\u011fustos Zafer Bayram\u0131\u2019n\u0131n 103. y\u0131l d\u00f6n\u00fcm\u00fc Manisa\u2019n\u0131n Salihli il\u00e7esinde d\u00fczenlenen resmi t\u00f6renle kutland\u0131. Atat\u00fcrk heykeli \u00f6n\u00fcnde ger\u00e7ekle\u015ftirilen \u00e7elenk sunum t\u00f6reninde Kaymakam Ali G\u00fcldo\u011fan, Garnizon Komutan Vekili Ula\u015ft\u0131rma Yarbay Nuri Duman ve Salihli Belediye Ba\u015fkan\u0131 Mazlum Nurlu taraf\u0131ndan \u00e7elenkler sunuldu. \u00c7elenk t\u00f6renin sonras\u0131 Kaymakam Ali G\u00fcldo\u011fan, Garnizon Komutan Vekili Ula\u015ft\u0131rma Yarbay Nuri Duman ve Salihli Belediye Ba\u015fkan\u0131 Mazlum Nurlu tebrikleri kabul etti.<\/p>\n<p>Turgutlu\u2019da Zafer Bayram\u0131 kutlamalar\u0131<br \/>\n<br \/>Manisa\u2019n\u0131n Turgutlu il\u00e7esinde 30 A\u011fustos Zafer Bayram\u0131, d\u00fczenlenen programlarla co\u015fku i\u00e7inde kutland\u0131. Kutlama program\u0131 sabah saat 09.30\u2019da 15 Temmuz Demokrasi \u015eehitleri Alan\u0131\u2019nda Atat\u00fcrk An\u0131t\u0131\u2019na \u00e7elenklerin sunulmas\u0131yla ba\u015flad\u0131. Ard\u0131ndan sayg\u0131 duru\u015fu ve \u0130stiklal Mar\u015f\u0131 okundu. Program kapsam\u0131nda Kaymakam Selami Kapankaya g\u00fcn\u00fcn anlam ve \u00f6nemine ili\u015fkin bir konu\u015fma ger\u00e7ekle\u015ftirdi. Kutlamalarda \u015fiir dinletileri, m\u00fczik g\u00f6sterileri, halk oyunlar\u0131 ve &#8220;Elif\u2019in Ka\u011fn\u0131s\u0131&#8221; adl\u0131 g\u00f6steri yer ald\u0131. Ayr\u0131ca &#8220;Atat\u00fcrk\u2019\u00fcn \u0130zinde Kahraman Kad\u0131nlar\u0131m\u0131z&#8221; ve &#8220;Kurtulu\u015f M\u00fccadelesi&#8221; isimli drama g\u00f6sterileri de izleyicilerle bulu\u015ftu.<\/p>\n<p>Kula\u2019da Zafer Baram\u0131 kutlamalar\u0131<br \/>\n<br \/>Manisa\u2019n\u0131n Kula il\u00e7esinde 30 A\u011fustos Zafer Bayram\u0131\u2019n\u0131n 103. y\u0131ld\u00f6n\u00fcm\u00fc dolay\u0131s\u0131yla kutlama program\u0131 d\u00fczenlendi. Yunus Emre ve \u015eehit \u00d6mer Halisdemir Kent Meydan\u0131\u2019nda ger\u00e7ekle\u015fen t\u00f6rende, Kula Kaymakaml\u0131\u011f\u0131, Garnizon Komutanl\u0131\u011f\u0131 ve Belediye Ba\u015fkanl\u0131\u011f\u0131 makamlar\u0131n\u0131n \u00e7elenklerinin sunulmas\u0131n\u0131n ard\u0131ndan sayg\u0131 duru\u015funda bulunuldu ve \u0130stiklal Mar\u015f\u0131 okundu. G\u00fcn\u00fcn anlam ve \u00f6nemini belirten konu\u015fmay\u0131 Kula Askerlik \u015eubesi Ba\u015fkan Vekili Personel Aste\u011fmen Emre Boran yapt\u0131. \u00d6\u011frenciler taraf\u0131ndan g\u00fcn\u00fcn \u00f6nemini anlatan \u015fiirlerin okunmas\u0131yla meydandaki t\u00f6ren sona erdi.<\/p>\n<p>Sar\u0131g\u00f6l\u2019de Zafer Bayram\u0131 kutlamalar\u0131<br \/>\n<br \/>Manisa\u2019n\u0131n Sar\u0131g\u00f6l il\u00e7esinde 30 A\u011fustos Zafer Bayram\u0131 kutlamalar\u0131 Sar\u0131g\u00f6l H\u00fck\u00fcmet Kona\u011f\u0131 \u00f6n\u00fcndeki Atat\u00fcrk An\u0131t\u0131 \u00f6n\u00fcnde d\u00fczenlenen \u00e7elenk sunma t\u00f6reniyle ba\u015flad\u0131. Sayg\u0131 duru\u015fu ve ard\u0131ndan \u0130stiklal Mar\u015f\u0131n\u0131n okunmas\u0131n\u0131n ard\u0131ndan il\u00e7e protokol\u00fc \u015fehit Fevzi Teke\u015f \u2018in ailesini ziyaret etti.<\/p>\n<p>Selendi\u2019de Zafer Bayram\u0131 kutlamalar\u0131<br \/>\n<br \/>Manisa\u2019n\u0131n Selendi il\u00e7esinde 30 A\u011fustos Zafer Bayram\u0131 \u00e7elenk sunma t\u00f6reniyle ba\u015flad\u0131. T\u00f6rende Selendi Kaymakam Vekili Kula Kaymakam\u0131 Talha Altunta\u015f ve Selendi Belediye Ba\u015fkan\u0131 Murat Daban  taraf\u0131ndan Devlet Bah\u00e7eli Kent Meydan\u0131nda Atat\u00fcrk an\u0131t\u0131na \u00e7elenk sundu. T\u00f6ren g\u00fcn\u00fcn anlam ve \u00f6nemi belirten konu\u015fman\u0131n Jandarma Komutan\u0131 Yunus Emre Kurt taraf\u0131ndan yap\u0131lmas\u0131 ve Mehmet Akif Ersoy Anadolu Lisesi 12. s\u0131n\u0131f \u00f6\u011frencisi Nuray Sar\u0131ta\u015f taraf\u0131ndan 30 A\u011fustos \u015eiirinin okunmas\u0131 ve Selendi Kaymakam Vekili Kula Kaymakam\u0131 Talha Altunta\u015f taraf\u0131ndan Belediye Ba\u015fkan\u0131 Murat Daban ile birlikte tebriklerin kabul\u00fc ile devam etti. Program &#8220;Milli M\u00fccadele Kahraman\u0131 \u0130hsano\u011flu Mehmet Efe&#8221;nin \u0130l\u00e7e Kabristanl\u0131\u011f\u0131ndaki mezar\u0131n\u0131n ziyareti ve Kur\u2019an-\u0131 Kerim okunup dualar edilmesi ile sona erdi.<br \/><\/p>\n","protected":false},"excerpt":{"rendered":"<p>Manisa\u2019n\u0131n Salihli, Turgutlu, Kula, Sar\u0131g\u00f6l ve Selendi il\u00e7elerinde 30 A\u011fustos Zafer Bayram\u0131\u2019n\u0131n 103. y\u0131ld\u00f6n\u00fcm\u00fc dolay\u0131s\u0131yla kutlama programlar\u0131 d\u00fczenlendi. Ba\u015fkomutan Gazi Mustafa Kemal Atat\u00fcrk\u2019\u00fcn \u00f6nderli\u011finde T\u00fcrk milletinin ba\u011f\u0131ms\u0131zl\u0131k u\u011fruna g\u00f6sterdi\u011fi azim ve kararl\u0131l\u0131\u011f\u0131n t\u00fcm d\u00fcnyaya ilan edildi\u011fi 30 A\u011fustos Zafer Bayram\u0131\u2019n\u0131n 103. y\u0131l d\u00f6n\u00fcm\u00fc Manisa\u2019n\u0131n Salihli il\u00e7esinde d\u00fczenlenen resmi t\u00f6renle kutland\u0131. Atat\u00fcrk heykeli \u00f6n\u00fcnde ger\u00e7ekle\u015ftirilen \u00e7elenk&#8230;<\/p>\n","protected":false},"author":1,"featured_media":52278,"comment_status":"open","ping_status":"open","sticky":false,"template":"","format":"standard","meta":{"_crdt_document":"","footnotes":""},"categories":[1],"tags":[],"class_list":["post-52277","post","type-post","status-publish","format-standard","has-post-thumbnail","hentry","category-guncel"],"_links":{"self":[{"href":"https:\/\/www.egemtv.com\/index.php?rest_route=\/wp\/v2\/posts\/52277","targetHints":{"allow":["GET"]}}],"collection":[{"href":"https:\/\/www.egemtv.com\/index.php?rest_route=\/wp\/v2\/posts"}],"about":[{"href":"https:\/\/www.egemtv.com\/index.php?rest_route=\/wp\/v2\/types\/post"}],"author":[{"embeddable":true,"href":"https:\/\/www.egemtv.com\/index.php?rest_route=\/wp\/v2\/users\/1"}],"replies":[{"embeddable":true,"href":"https:\/\/www.egemtv.com\/index.php?rest_route=%2Fwp%2Fv2%2Fcomments&post=52277"}],"version-history":[{"count":1,"href":"https:\/\/www.egemtv.com\/index.php?rest_route=\/wp\/v2\/posts\/52277\/revisions"}],"predecessor-version":[{"id":52279,"href":"https:\/\/www.egemtv.com\/index.php?rest_route=\/wp\/v2\/posts\/52277\/revisions\/52279"}],"wp:featuredmedia":[{"embeddable":true,"href":"https:\/\/www.egemtv.com\/index.php?rest_route=\/wp\/v2\/media\/52278"}],"wp:attachment":[{"href":"https:\/\/www.egemtv.com\/index.php?rest_route=%2Fwp%2Fv2%2Fmedia&parent=52277"}],"wp:term":[{"taxonomy":"category","embeddable":true,"href":"https:\/\/www.egemtv.com\/index.php?rest_route=%2Fwp%2Fv2%2Fcategories&post=52277"},{"taxonomy":"post_tag","embeddable":true,"href":"https:\/\/www.egemtv.com\/index.php?rest_route=%2Fwp%2Fv2%2Ftags&post=52277"}],"curies":[{"name":"wp","href":"https:\/\/api.w.org\/{rel}","templated":true}]}}