{"id":52256,"date":"2025-08-30T13:56:17","date_gmt":"2025-08-30T10:56:17","guid":{"rendered":"https:\/\/www.egemtv.com\/?p=52256"},"modified":"2025-08-30T13:56:18","modified_gmt":"2025-08-30T10:56:18","slug":"iki-ayri-suctan-aranan-sahis-yol-kontrolunde-yakalandi","status":"publish","type":"post","link":"https:\/\/www.egemtv.com\/?p=52256","title":{"rendered":"\u0130ki ayr\u0131 su\u00e7tan aranan \u015fah\u0131s yol kontrol\u00fcnde yakaland\u0131"},"content":{"rendered":"<p>Ayd\u0131n\u2019\u0131n Karacasu il\u00e7esinde 2 ayr\u0131 su\u00e7tan aranan \u015fah\u0131s, jandarma ekiplerince yap\u0131lan yol kontrol\u00fcnde yakaland\u0131.<br \/>\n<br \/>Ayd\u0131n \u0130l Jandarma Komutanl\u0131\u011f\u0131 koordinesinde aranan \u015fah\u0131slar\u0131n yakalanmas\u0131na y\u00f6nelik y\u00fcr\u00fct\u00fclen \u00e7al\u0131\u015fmalar aral\u0131ks\u0131z s\u00fcr\u00fcyor. Edinilen bilgiye g\u00f6re Karacasu \u0130l\u00e7e Jandarma Komutanl\u0131\u011f\u0131 Komutanl\u0131\u011f\u0131 ekiplerince Atak\u00f6y Mahallesi\u2019nde \u2019\u015fok yol kontrol\u2019 faaliyeti ger\u00e7ekle\u015ftirildi. Yap\u0131lan \u00e7al\u0131\u015fmalar esnas\u0131nda sorgulanan E.\u00d6. (32) isimli \u015fahs\u0131n, &#8220;Taksirle \u00d6l\u00fcme ve Yaralanmaya Neden Olma ve Basit Yaralama&#8221; su\u00e7lar\u0131ndan arand\u0131\u011f\u0131 ve hakk\u0131nda 8 y\u0131l 22 g\u00fcn kesinle\u015fmi\u015f hapis cezas\u0131 bulundu\u011fu tespit edildi. Yakalanarak g\u00f6zalt\u0131na al\u0131nan \u015f\u00fcpheli \u015fah\u0131s, gerekli i\u015flemlerinin ard\u0131ndan sevk edildi\u011fi adli makamlarca tutuklanarak cezaevine g\u00f6nerildi.<br \/><\/p>\n","protected":false},"excerpt":{"rendered":"<p>Ayd\u0131n\u2019\u0131n Karacasu il\u00e7esinde 2 ayr\u0131 su\u00e7tan aranan \u015fah\u0131s, jandarma ekiplerince yap\u0131lan yol kontrol\u00fcnde yakaland\u0131. Ayd\u0131n \u0130l Jandarma Komutanl\u0131\u011f\u0131 koordinesinde aranan \u015fah\u0131slar\u0131n yakalanmas\u0131na y\u00f6nelik y\u00fcr\u00fct\u00fclen \u00e7al\u0131\u015fmalar aral\u0131ks\u0131z s\u00fcr\u00fcyor. Edinilen bilgiye g\u00f6re Karacasu \u0130l\u00e7e Jandarma Komutanl\u0131\u011f\u0131 Komutanl\u0131\u011f\u0131 ekiplerince Atak\u00f6y Mahallesi\u2019nde \u2019\u015fok yol kontrol\u2019 faaliyeti ger\u00e7ekle\u015ftirildi. Yap\u0131lan \u00e7al\u0131\u015fmalar esnas\u0131nda sorgulanan E.\u00d6. (32) isimli \u015fahs\u0131n, &#8220;Taksirle \u00d6l\u00fcme ve Yaralanmaya&#8230;<\/p>\n","protected":false},"author":1,"featured_media":52257,"comment_status":"open","ping_status":"open","sticky":false,"template":"","format":"standard","meta":{"_crdt_document":"","footnotes":""},"categories":[5],"tags":[],"class_list":["post-52256","post","type-post","status-publish","format-standard","has-post-thumbnail","hentry","category-asayis"],"_links":{"self":[{"href":"https:\/\/www.egemtv.com\/index.php?rest_route=\/wp\/v2\/posts\/52256","targetHints":{"allow":["GET"]}}],"collection":[{"href":"https:\/\/www.egemtv.com\/index.php?rest_route=\/wp\/v2\/posts"}],"about":[{"href":"https:\/\/www.egemtv.com\/index.php?rest_route=\/wp\/v2\/types\/post"}],"author":[{"embeddable":true,"href":"https:\/\/www.egemtv.com\/index.php?rest_route=\/wp\/v2\/users\/1"}],"replies":[{"embeddable":true,"href":"https:\/\/www.egemtv.com\/index.php?rest_route=%2Fwp%2Fv2%2Fcomments&post=52256"}],"version-history":[{"count":1,"href":"https:\/\/www.egemtv.com\/index.php?rest_route=\/wp\/v2\/posts\/52256\/revisions"}],"predecessor-version":[{"id":52258,"href":"https:\/\/www.egemtv.com\/index.php?rest_route=\/wp\/v2\/posts\/52256\/revisions\/52258"}],"wp:featuredmedia":[{"embeddable":true,"href":"https:\/\/www.egemtv.com\/index.php?rest_route=\/wp\/v2\/media\/52257"}],"wp:attachment":[{"href":"https:\/\/www.egemtv.com\/index.php?rest_route=%2Fwp%2Fv2%2Fmedia&parent=52256"}],"wp:term":[{"taxonomy":"category","embeddable":true,"href":"https:\/\/www.egemtv.com\/index.php?rest_route=%2Fwp%2Fv2%2Fcategories&post=52256"},{"taxonomy":"post_tag","embeddable":true,"href":"https:\/\/www.egemtv.com\/index.php?rest_route=%2Fwp%2Fv2%2Ftags&post=52256"}],"curies":[{"name":"wp","href":"https:\/\/api.w.org\/{rel}","templated":true}]}}