{"id":52253,"date":"2025-08-30T13:56:16","date_gmt":"2025-08-30T10:56:16","guid":{"rendered":"https:\/\/www.egemtv.com\/?p=52253"},"modified":"2025-08-30T13:56:17","modified_gmt":"2025-08-30T10:56:17","slug":"manisada-30-agustos-zafer-bayrami-coskusu","status":"publish","type":"post","link":"https:\/\/www.egemtv.com\/?p=52253","title":{"rendered":"Manisa\u2019da 30 A\u011fustos Zafer Bayram\u0131 co\u015fkusu"},"content":{"rendered":"<p>Manisa\u2019da 30 A\u011fustos Zafer Bayram\u0131 dolay\u0131s\u0131yla d\u00fczenlenen t\u00f6rende jandarma komando birliklerinin yak\u0131n d\u00f6v\u00fc\u015f ve t\u00fcfekli g\u00f6sterileri izleyenlere gurur ya\u015fatt\u0131.<br \/>\n<br \/>Manisa\u2019da 30 A\u011fustos Zafer Bayram\u0131 dolay\u0131s\u0131yla kutlama program\u0131 d\u00fczenlendi. Manisa Cumhuriyet Meydan\u0131ndaki Milli Egemenlik ve Atat\u00fcrk An\u0131t\u0131na \u00e7elenk sunulmas\u0131yla ba\u015flayan t\u00f6rende Manisa Valisi Vahdettin \u00d6zkan, Garnizon Komutan\u0131 T\u00fcmgeneral G\u00f6khan \u00c7elik ve AK Parti Manisa Milletvekilleri Tamer Akkal ile M\u00fccahit Ar\u0131n\u00e7, MHP Grup Ba\u015fkanvekili ve Manisa Milletvekili Erkan Ak\u00e7ay ve Manisa B\u00fcy\u00fck\u015fehir Belediye Ba\u015fkan\u0131 Besim Dutlulu, Manisa Valilik makam\u0131nda tebrikleri kabul etti. Kutlama program\u0131 daha sonra Manisa Valili\u011fi \u00f6n\u00fcnde devam etti.<br \/>\n<br \/>Kutlamalarda K\u0131rka\u011fa\u00e7 Jandarma E\u011fitim Merkez Komutanl\u0131\u011f\u0131na ba\u011fl\u0131 birlikler taraf\u0131ndan yap\u0131lan yak\u0131n d\u00f6v\u00fc\u015f ve t\u00fcfekli g\u00f6steriler izleyenlere gurur ya\u015fat\u0131rken g\u00f6sterilerin sonunda T\u00fcrk Bayra\u011f\u0131n\u0131n a\u00e7\u0131lmas\u0131yla izleyenler uzun s\u00fcre alk\u0131\u015flad\u0131.<br \/>\n<br \/>Halk oyunlar\u0131 g\u00f6sterileriyle devam eden kutlamalarda Bal\u0131kesir 9. Ana Jet \u00dcss\u00fc Komutanl\u0131\u011f\u0131na ba\u011fl\u0131 3 F-16 da ge\u00e7it yaparak t\u00f6rene kat\u0131lanlara s\u00fcrpriz yapt\u0131. B\u00fcy\u00fck heyecan olu\u015fturan F-16 ge\u00e7i\u015fleri s\u0131ras\u0131nda vatanda\u015flar alk\u0131\u015flar\u0131yla e\u015flik etti.<br \/>\n<br \/>Kutlama program\u0131 t\u00f6ren ge\u00e7i\u015fiyle sona erdi.<br \/>\n<br \/>Kutlamalara Manisa Valisi Vahdettin \u00d6zkan, Garnizon Komutan\u0131 T\u00fcmgeneral G\u00f6khan \u00c7elik, Manisa B\u00fcy\u00fck\u015fehir Belediye Ba\u015fkan\u0131 Besim Dutlulu, AK Parti Manisa Milletvekilleri Ahmet M\u00fccahit Ar\u0131n\u00e7, Tamer Akkal, MHP Grup Ba\u015fkanvekili ve Manisa Milletvekili Erkan Ak\u00e7ay, Manisa Cumhuriyet Ba\u015fsavc\u0131s\u0131 Kurtca Eker, Manisa Celal Bayar \u00dcniversitesi Rekt\u00f6r\u00fc Prof. Dr. Rana Kibar, Manisa \u0130l Jandarma Komutan\u0131 Tu\u011fgeneral \u0130lhan \u015een, Manisa \u0130l Emniyet M\u00fcd\u00fcr\u00fc Fahri Akta\u015f, sivil toplum kurulu\u015fu temsilcileri, siyasi parti temsilcileri ve vatanda\u015flar kat\u0131ld\u0131.<br \/><\/p>\n","protected":false},"excerpt":{"rendered":"<p>Manisa\u2019da 30 A\u011fustos Zafer Bayram\u0131 dolay\u0131s\u0131yla d\u00fczenlenen t\u00f6rende jandarma komando birliklerinin yak\u0131n d\u00f6v\u00fc\u015f ve t\u00fcfekli g\u00f6sterileri izleyenlere gurur ya\u015fatt\u0131. Manisa\u2019da 30 A\u011fustos Zafer Bayram\u0131 dolay\u0131s\u0131yla kutlama program\u0131 d\u00fczenlendi. Manisa Cumhuriyet Meydan\u0131ndaki Milli Egemenlik ve Atat\u00fcrk An\u0131t\u0131na \u00e7elenk sunulmas\u0131yla ba\u015flayan t\u00f6rende Manisa Valisi Vahdettin \u00d6zkan, Garnizon Komutan\u0131 T\u00fcmgeneral G\u00f6khan \u00c7elik ve AK Parti Manisa Milletvekilleri Tamer&#8230;<\/p>\n","protected":false},"author":1,"featured_media":52254,"comment_status":"open","ping_status":"open","sticky":false,"template":"","format":"standard","meta":{"_crdt_document":"","footnotes":""},"categories":[1],"tags":[],"class_list":["post-52253","post","type-post","status-publish","format-standard","has-post-thumbnail","hentry","category-guncel"],"_links":{"self":[{"href":"https:\/\/www.egemtv.com\/index.php?rest_route=\/wp\/v2\/posts\/52253","targetHints":{"allow":["GET"]}}],"collection":[{"href":"https:\/\/www.egemtv.com\/index.php?rest_route=\/wp\/v2\/posts"}],"about":[{"href":"https:\/\/www.egemtv.com\/index.php?rest_route=\/wp\/v2\/types\/post"}],"author":[{"embeddable":true,"href":"https:\/\/www.egemtv.com\/index.php?rest_route=\/wp\/v2\/users\/1"}],"replies":[{"embeddable":true,"href":"https:\/\/www.egemtv.com\/index.php?rest_route=%2Fwp%2Fv2%2Fcomments&post=52253"}],"version-history":[{"count":1,"href":"https:\/\/www.egemtv.com\/index.php?rest_route=\/wp\/v2\/posts\/52253\/revisions"}],"predecessor-version":[{"id":52255,"href":"https:\/\/www.egemtv.com\/index.php?rest_route=\/wp\/v2\/posts\/52253\/revisions\/52255"}],"wp:featuredmedia":[{"embeddable":true,"href":"https:\/\/www.egemtv.com\/index.php?rest_route=\/wp\/v2\/media\/52254"}],"wp:attachment":[{"href":"https:\/\/www.egemtv.com\/index.php?rest_route=%2Fwp%2Fv2%2Fmedia&parent=52253"}],"wp:term":[{"taxonomy":"category","embeddable":true,"href":"https:\/\/www.egemtv.com\/index.php?rest_route=%2Fwp%2Fv2%2Fcategories&post=52253"},{"taxonomy":"post_tag","embeddable":true,"href":"https:\/\/www.egemtv.com\/index.php?rest_route=%2Fwp%2Fv2%2Ftags&post=52253"}],"curies":[{"name":"wp","href":"https:\/\/api.w.org\/{rel}","templated":true}]}}