{"id":52250,"date":"2025-08-30T13:36:30","date_gmt":"2025-08-30T10:36:30","guid":{"rendered":"https:\/\/www.egemtv.com\/?p=52250"},"modified":"2025-08-30T13:36:30","modified_gmt":"2025-08-30T10:36:30","slug":"izmirde-motosiklet-surucusu-genc-kaza-kurbani","status":"publish","type":"post","link":"https:\/\/www.egemtv.com\/?p=52250","title":{"rendered":"\u0130zmir\u2019de motosiklet s\u00fcr\u00fcc\u00fcs\u00fc gen\u00e7, kaza kurban\u0131"},"content":{"rendered":"<p>\u0130zmir\u2019in Sel\u00e7uk il\u00e7esinde meydana gelen trafik kazas\u0131nda 22 ya\u015f\u0131ndaki motosiklet s\u00fcr\u00fcc\u00fcs\u00fc hayat\u0131n\u0131 kaybetti. Kazayla ilgili soru\u015fturma ba\u015flat\u0131ld\u0131.<br \/>\n<br \/>Kaza, sabah saatlerinde Sel\u00e7uk-Ku\u015fadas\u0131 yolu Efes Alt Kap\u0131 kav\u015fa\u011f\u0131nda meydana geldi. Edinilen bilgiye g\u00f6re, Sel\u00e7uk istikametinden Ku\u015fadas\u0131 y\u00f6n\u00fcne ilerleyen S.B. y\u00f6netimindeki kamyon, sol \u015feride ge\u00e7mek istedi\u011fi s\u0131rada ayn\u0131 y\u00f6nde ilerleyen Eren Kasap idaresindeki 09 ALZ 329 plakal\u0131 motosiklete yandan \u00e7arpt\u0131. \u00c7arpman\u0131n etkisiyle a\u011f\u0131r yaralanan motosiklet s\u00fcr\u00fcc\u00fcs\u00fc Kasap, olay yerine sevk edilen sa\u011fl\u0131k ekiplerince Sel\u00e7uk Devlet Hastanesi\u2019ne kald\u0131r\u0131ld\u0131. Burada yap\u0131lan t\u00fcm m\u00fcdahalelere ra\u011fmen gen\u00e7 s\u00fcr\u00fcc\u00fc kurtar\u0131lamad\u0131. Kasap\u2019\u0131n cenazesi, yap\u0131lan incelemenin ard\u0131ndan \u0130zmir Adli T\u0131p Kurumu morguna kald\u0131r\u0131l\u0131rken, kamyon s\u00fcr\u00fcc\u00fcs\u00fc g\u00f6zalt\u0131na al\u0131narak emniyete g\u00f6t\u00fcr\u00fcld\u00fc.<br \/>\n<br \/>Kazayla ilgili ba\u015flat\u0131lan soru\u015fturma s\u00fcr\u00fcyor.<br \/><\/p>\n","protected":false},"excerpt":{"rendered":"<p>\u0130zmir\u2019in Sel\u00e7uk il\u00e7esinde meydana gelen trafik kazas\u0131nda 22 ya\u015f\u0131ndaki motosiklet s\u00fcr\u00fcc\u00fcs\u00fc hayat\u0131n\u0131 kaybetti. Kazayla ilgili soru\u015fturma ba\u015flat\u0131ld\u0131. Kaza, sabah saatlerinde Sel\u00e7uk-Ku\u015fadas\u0131 yolu Efes Alt Kap\u0131 kav\u015fa\u011f\u0131nda meydana geldi. Edinilen bilgiye g\u00f6re, Sel\u00e7uk istikametinden Ku\u015fadas\u0131 y\u00f6n\u00fcne ilerleyen S.B. y\u00f6netimindeki kamyon, sol \u015feride ge\u00e7mek istedi\u011fi s\u0131rada ayn\u0131 y\u00f6nde ilerleyen Eren Kasap idaresindeki 09 ALZ 329 plakal\u0131 motosiklete&#8230;<\/p>\n","protected":false},"author":1,"featured_media":52251,"comment_status":"open","ping_status":"open","sticky":false,"template":"","format":"standard","meta":{"_crdt_document":"","footnotes":""},"categories":[5],"tags":[],"class_list":["post-52250","post","type-post","status-publish","format-standard","has-post-thumbnail","hentry","category-asayis"],"_links":{"self":[{"href":"https:\/\/www.egemtv.com\/index.php?rest_route=\/wp\/v2\/posts\/52250","targetHints":{"allow":["GET"]}}],"collection":[{"href":"https:\/\/www.egemtv.com\/index.php?rest_route=\/wp\/v2\/posts"}],"about":[{"href":"https:\/\/www.egemtv.com\/index.php?rest_route=\/wp\/v2\/types\/post"}],"author":[{"embeddable":true,"href":"https:\/\/www.egemtv.com\/index.php?rest_route=\/wp\/v2\/users\/1"}],"replies":[{"embeddable":true,"href":"https:\/\/www.egemtv.com\/index.php?rest_route=%2Fwp%2Fv2%2Fcomments&post=52250"}],"version-history":[{"count":1,"href":"https:\/\/www.egemtv.com\/index.php?rest_route=\/wp\/v2\/posts\/52250\/revisions"}],"predecessor-version":[{"id":52252,"href":"https:\/\/www.egemtv.com\/index.php?rest_route=\/wp\/v2\/posts\/52250\/revisions\/52252"}],"wp:featuredmedia":[{"embeddable":true,"href":"https:\/\/www.egemtv.com\/index.php?rest_route=\/wp\/v2\/media\/52251"}],"wp:attachment":[{"href":"https:\/\/www.egemtv.com\/index.php?rest_route=%2Fwp%2Fv2%2Fmedia&parent=52250"}],"wp:term":[{"taxonomy":"category","embeddable":true,"href":"https:\/\/www.egemtv.com\/index.php?rest_route=%2Fwp%2Fv2%2Fcategories&post=52250"},{"taxonomy":"post_tag","embeddable":true,"href":"https:\/\/www.egemtv.com\/index.php?rest_route=%2Fwp%2Fv2%2Ftags&post=52250"}],"curies":[{"name":"wp","href":"https:\/\/api.w.org\/{rel}","templated":true}]}}