{"id":52247,"date":"2025-08-30T13:36:29","date_gmt":"2025-08-30T10:36:29","guid":{"rendered":"https:\/\/www.egemtv.com\/?p=52247"},"modified":"2025-08-30T13:36:30","modified_gmt":"2025-08-30T10:36:30","slug":"30-agustos-zafer-bayraminin-103ncu-yili-burdurda-coskuyla-kutlandi","status":"publish","type":"post","link":"https:\/\/www.egemtv.com\/?p=52247","title":{"rendered":"30 A\u011fustos Zafer Bayram\u0131\u2019n\u0131n 103\u2019nc\u00fc y\u0131l\u0131 Burdur\u2019da co\u015fkuyla kutland\u0131"},"content":{"rendered":"<p>Burdur\u2019da 30 A\u011fustos Zafer Bayram\u0131\u2019n\u0131n 103\u2019nc\u00fc y\u0131l\u0131 co\u015fkuyla kutland\u0131.<br \/>\n<br \/>Bu y\u0131l 103\u2019nc\u00fcs\u00fc kutlanan 30 A\u011fustos Zafer Bayram\u0131, yurt genelinde oldu\u011fu gibi Burdur\u2019da da co\u015fkuyla kutland\u0131. Cumhuriyet Meydan\u0131\u2019nda \u00e7elenk sunma t\u00f6reni ile ba\u015flayan kutlamalar, Vali T\u00fclay Baydar Bilgihan\u2019\u0131n makam\u0131nda protokol mensuplar\u0131n\u0131n ve daire amirlerinin tebriklerini kabul etmesiyle devam etti. Cumhuriyet Meydan\u0131\u2019nda ger\u00e7ekle\u015fen kutlamalarda sayg\u0131 duru\u015funda bulunulmas\u0131n\u0131n ve \u0130stiklal Mar\u015f\u0131\u2019n\u0131n okunmas\u0131n\u0131n ard\u0131ndan Garnizon Komutanl\u0131\u011f\u0131\u2019nca g\u00fcn\u00fcn anlam ve \u00f6nemini belirten konu\u015fma yap\u0131ld\u0131. Programda Cumhuriyet Anadolu Lisesi \u00d6\u011frencisi Sena \u015eim\u015fek taraf\u0131ndan \u015fiir okundu. Cumhurba\u015fkan\u0131 Recep Tayyip Erdo\u011fan\u2019\u0131n mesaj\u0131n\u0131n okunmas\u0131, g\u00fcn\u00fcn anlam ve \u00f6nemini belirten konu\u015fma yap\u0131lmas\u0131, \u015fiir okunmas\u0131n\u0131n ard\u0131ndan \u00e7e\u015fitli spor m\u00fcsabakalar\u0131nda dereceye girenlere \u00f6d\u00fclleri protokol \u00fcyeleri taraf\u0131ndan verildi. Halk oyunlar\u0131 g\u00f6sterisinden sonra t\u00f6ren ge\u00e7i\u015fi ile program sona erdi.<br \/><\/p>\n","protected":false},"excerpt":{"rendered":"<p>Burdur\u2019da 30 A\u011fustos Zafer Bayram\u0131\u2019n\u0131n 103\u2019nc\u00fc y\u0131l\u0131 co\u015fkuyla kutland\u0131. Bu y\u0131l 103\u2019nc\u00fcs\u00fc kutlanan 30 A\u011fustos Zafer Bayram\u0131, yurt genelinde oldu\u011fu gibi Burdur\u2019da da co\u015fkuyla kutland\u0131. Cumhuriyet Meydan\u0131\u2019nda \u00e7elenk sunma t\u00f6reni ile ba\u015flayan kutlamalar, Vali T\u00fclay Baydar Bilgihan\u2019\u0131n makam\u0131nda protokol mensuplar\u0131n\u0131n ve daire amirlerinin tebriklerini kabul etmesiyle devam etti. Cumhuriyet Meydan\u0131\u2019nda ger\u00e7ekle\u015fen kutlamalarda sayg\u0131 duru\u015funda bulunulmas\u0131n\u0131n&#8230;<\/p>\n","protected":false},"author":1,"featured_media":52248,"comment_status":"open","ping_status":"open","sticky":false,"template":"","format":"standard","meta":{"_crdt_document":"","footnotes":""},"categories":[1],"tags":[],"class_list":["post-52247","post","type-post","status-publish","format-standard","has-post-thumbnail","hentry","category-guncel"],"_links":{"self":[{"href":"https:\/\/www.egemtv.com\/index.php?rest_route=\/wp\/v2\/posts\/52247","targetHints":{"allow":["GET"]}}],"collection":[{"href":"https:\/\/www.egemtv.com\/index.php?rest_route=\/wp\/v2\/posts"}],"about":[{"href":"https:\/\/www.egemtv.com\/index.php?rest_route=\/wp\/v2\/types\/post"}],"author":[{"embeddable":true,"href":"https:\/\/www.egemtv.com\/index.php?rest_route=\/wp\/v2\/users\/1"}],"replies":[{"embeddable":true,"href":"https:\/\/www.egemtv.com\/index.php?rest_route=%2Fwp%2Fv2%2Fcomments&post=52247"}],"version-history":[{"count":1,"href":"https:\/\/www.egemtv.com\/index.php?rest_route=\/wp\/v2\/posts\/52247\/revisions"}],"predecessor-version":[{"id":52249,"href":"https:\/\/www.egemtv.com\/index.php?rest_route=\/wp\/v2\/posts\/52247\/revisions\/52249"}],"wp:featuredmedia":[{"embeddable":true,"href":"https:\/\/www.egemtv.com\/index.php?rest_route=\/wp\/v2\/media\/52248"}],"wp:attachment":[{"href":"https:\/\/www.egemtv.com\/index.php?rest_route=%2Fwp%2Fv2%2Fmedia&parent=52247"}],"wp:term":[{"taxonomy":"category","embeddable":true,"href":"https:\/\/www.egemtv.com\/index.php?rest_route=%2Fwp%2Fv2%2Fcategories&post=52247"},{"taxonomy":"post_tag","embeddable":true,"href":"https:\/\/www.egemtv.com\/index.php?rest_route=%2Fwp%2Fv2%2Ftags&post=52247"}],"curies":[{"name":"wp","href":"https:\/\/api.w.org\/{rel}","templated":true}]}}