{"id":52244,"date":"2025-08-30T13:36:28","date_gmt":"2025-08-30T10:36:28","guid":{"rendered":"https:\/\/www.egemtv.com\/?p=52244"},"modified":"2025-08-30T13:36:29","modified_gmt":"2025-08-30T10:36:29","slug":"beyagac-kultur-ve-tarhana-festivalinde-mustafa-yildizdogan-ruzgari-esti","status":"publish","type":"post","link":"https:\/\/www.egemtv.com\/?p=52244","title":{"rendered":"Beya\u011fa\u00e7 K\u00fclt\u00fcr ve Tarhana Festivalinde Mustafa Y\u0131ld\u0131zdo\u011fan r\u00fczgar\u0131 esti"},"content":{"rendered":"<p>Beya\u011fa\u00e7 Belediyesi taraf\u0131ndan Beya\u011fa\u00e7\u2019\u0131n k\u00fclt\u00fcr\u00fcn\u00fc ve tarhanas\u0131n\u0131 tan\u0131tmak ve gelecek ku\u015faklara aktarmak amac\u0131yla d\u00fczenledi\u011fi Beya\u011fa\u00e7 K\u00fclt\u00fcr ve Tarhana Festivalinde Mustafa Y\u0131ld\u0131zdo\u011fan sahne ald\u0131. Y\u0131ld\u0131zdo\u011fan hayranlar\u0131na unutulmaz gece ya\u015fatt\u0131.<br \/>\n<br \/>Beya\u011fa\u00e7 Belediyesi taraf\u0131ndan Beya\u011fa\u00e7\u2019\u0131n k\u00fclt\u00fcr ve tarhanas\u0131n\u0131 marka haline getirmek amac\u0131yla bu y\u0131l ilki d\u00fczenlenen Beya\u011fa\u00e7 K\u00fclt\u00fcr ve Tarhana Festivali kapsam\u0131nda Mustafa Y\u0131ld\u0131zdo\u011fan sevenleriyle bulu\u015ftu. Bir birinden e\u015fsiz \u015fark\u0131lar\u0131n\u0131 seslendiren Mustafa Y\u0131ld\u0131zdo\u011fan Beya\u011fa\u00e7l\u0131 vatanda\u015flara e\u011flence ve keyif dolu zaman ge\u00e7irtti.<br \/>\n<br \/>Beya\u011fa\u00e7 esnaf\u0131 ve destek\u00e7ilerinin yard\u0131m\u0131yla e\u015fsiz bir festival d\u00fczenlediklerini belirten Beya\u011fa\u00e7 Belediye Ba\u015fkan\u0131 Sezayi P\u00fct\u00fcn, &#8220;31 Mart se\u00e7imlerinde baz\u0131 s\u00f6zler verdik. Beya\u011fa\u00e7 g\u00fclen insanlar\u0131n kenti olacak. Verdi\u011fimiz s\u00f6zleri yerine getirmek i\u00e7in elimizden geleni yap\u0131yoruz. Belediyenin kaynaklar\u0131 ile bu festivali d\u00fczenlememiz imkans\u0131z. Beya\u011fa\u00e7 esnaf\u0131n\u0131n deste\u011fi, y\u0131llar\u0131n verdi\u011fi tecr\u00fcbe ve dostluklar ile 3 g\u00fcn burada e\u015fsiz bir festival d\u00fczenledik. Sahnemizde m\u00fcmk\u00fcn olduk\u00e7a yerel sanat\u00e7\u0131lar\u0131m\u0131za yer vermeye \u00e7al\u0131\u015ft\u0131k. Hepsine ayr\u0131 ayr\u0131 te\u015fekk\u00fcrlerimi sunuyorum&#8221; ifadelerini kulland\u0131.<br \/><\/p>\n","protected":false},"excerpt":{"rendered":"<p>Beya\u011fa\u00e7 Belediyesi taraf\u0131ndan Beya\u011fa\u00e7\u2019\u0131n k\u00fclt\u00fcr\u00fcn\u00fc ve tarhanas\u0131n\u0131 tan\u0131tmak ve gelecek ku\u015faklara aktarmak amac\u0131yla d\u00fczenledi\u011fi Beya\u011fa\u00e7 K\u00fclt\u00fcr ve Tarhana Festivalinde Mustafa Y\u0131ld\u0131zdo\u011fan sahne ald\u0131. Y\u0131ld\u0131zdo\u011fan hayranlar\u0131na unutulmaz gece ya\u015fatt\u0131. Beya\u011fa\u00e7 Belediyesi taraf\u0131ndan Beya\u011fa\u00e7\u2019\u0131n k\u00fclt\u00fcr ve tarhanas\u0131n\u0131 marka haline getirmek amac\u0131yla bu y\u0131l ilki d\u00fczenlenen Beya\u011fa\u00e7 K\u00fclt\u00fcr ve Tarhana Festivali kapsam\u0131nda Mustafa Y\u0131ld\u0131zdo\u011fan sevenleriyle bulu\u015ftu. Bir birinden&#8230;<\/p>\n","protected":false},"author":1,"featured_media":52245,"comment_status":"open","ping_status":"open","sticky":false,"template":"","format":"standard","meta":{"_crdt_document":"","footnotes":""},"categories":[1],"tags":[],"class_list":["post-52244","post","type-post","status-publish","format-standard","has-post-thumbnail","hentry","category-guncel"],"_links":{"self":[{"href":"https:\/\/www.egemtv.com\/index.php?rest_route=\/wp\/v2\/posts\/52244","targetHints":{"allow":["GET"]}}],"collection":[{"href":"https:\/\/www.egemtv.com\/index.php?rest_route=\/wp\/v2\/posts"}],"about":[{"href":"https:\/\/www.egemtv.com\/index.php?rest_route=\/wp\/v2\/types\/post"}],"author":[{"embeddable":true,"href":"https:\/\/www.egemtv.com\/index.php?rest_route=\/wp\/v2\/users\/1"}],"replies":[{"embeddable":true,"href":"https:\/\/www.egemtv.com\/index.php?rest_route=%2Fwp%2Fv2%2Fcomments&post=52244"}],"version-history":[{"count":1,"href":"https:\/\/www.egemtv.com\/index.php?rest_route=\/wp\/v2\/posts\/52244\/revisions"}],"predecessor-version":[{"id":52246,"href":"https:\/\/www.egemtv.com\/index.php?rest_route=\/wp\/v2\/posts\/52244\/revisions\/52246"}],"wp:featuredmedia":[{"embeddable":true,"href":"https:\/\/www.egemtv.com\/index.php?rest_route=\/wp\/v2\/media\/52245"}],"wp:attachment":[{"href":"https:\/\/www.egemtv.com\/index.php?rest_route=%2Fwp%2Fv2%2Fmedia&parent=52244"}],"wp:term":[{"taxonomy":"category","embeddable":true,"href":"https:\/\/www.egemtv.com\/index.php?rest_route=%2Fwp%2Fv2%2Fcategories&post=52244"},{"taxonomy":"post_tag","embeddable":true,"href":"https:\/\/www.egemtv.com\/index.php?rest_route=%2Fwp%2Fv2%2Ftags&post=52244"}],"curies":[{"name":"wp","href":"https:\/\/api.w.org\/{rel}","templated":true}]}}