{"id":52241,"date":"2025-08-30T13:14:54","date_gmt":"2025-08-30T10:14:54","guid":{"rendered":"https:\/\/www.egemtv.com\/?p=52241"},"modified":"2025-08-30T13:14:55","modified_gmt":"2025-08-30T10:14:55","slug":"usakta-30-agustos-zafer-bayrami-coskuyla-kutlandi","status":"publish","type":"post","link":"https:\/\/www.egemtv.com\/?p=52241","title":{"rendered":"U\u015fak\u2019ta 30 A\u011fustos Zafer Bayram\u0131 co\u015fkuyla kutland\u0131"},"content":{"rendered":"<p>U\u015fak\u2019ta 30 A\u011fustos Zafer Bayram\u0131, d\u00fczenlenen \u00e7e\u015fitli etkinliklerinde co\u015fkuyla kutland\u0131.<br \/>\n<br \/>15 Temmuz \u015eehitler Meydan\u0131\u2019nda d\u00fczenlenen etkinli\u011fe U\u015fak Valisi Naci Akta\u015f, AK Parti U\u015fak milletvekilleri \u0130smail G\u00fcne\u015f ve Fahrettin Tu\u011frul, CHP U\u015fak Milletvekili Ali Karaoba, U\u015fak Belediye Ba\u015fkan\u0131 \u00d6zkan Yal\u0131m, Garnizon Komutan\u0131 Personel Albay Ertan Benli, U\u015fak \u00dcniversitesi Rekt\u00f6r\u00fc Prof. Dr. Ekrem Sava\u015f, \u0130l Emniyet M\u00fcd\u00fcr\u00fc Mehmet Ali Kolcu, \u0130l Jandarma Komutan\u0131 K\u0131demli Albay \u00d6zg\u00fcr K\u0131l\u0131\u00e7, siyasi parti yetkilileri ve sivil toplum \u00f6rg\u00fctleri temsilcileri kat\u0131ld\u0131.<br \/>\n<br \/>Program Vali Akta\u015f, Ba\u015fkan Yal\u0131m ve Garnizon Komutan\u0131 Benli\u2019nin \u00e7elenk sunumuyla ba\u015flad\u0131. 1 dakikal\u0131k sayg\u0131 duru\u015fu ve \u0130stiklal Mar\u015f\u0131\u2019n\u0131n ard\u0131ndan Vali Naci Akta\u015f, valilikte protokol \u00fcyelerinin tebriklerini kabul etti. Meydanda devam eden t\u00f6ren sayg\u0131 duru\u015fu ve \u0130stiklal Mar\u015f\u0131n\u0131n okunmas\u0131yla ba\u015flayan t\u00f6ren T\u00fcrk Silahl\u0131 Kuvvetleri ad\u0131na Aste\u011fmen Yusuf \u00d6zel\u2019in g\u00fcn\u00fcn anlam ve \u00f6nemini belirten konu\u015fmas\u0131yla devam etti.<br \/>\n<br \/>T\u00f6ren \u015fiirlerin okunmas\u0131, halk oyunlar\u0131 g\u00f6sterisi ve ge\u00e7it t\u00f6reniyle son buldu.<br \/><\/p>\n","protected":false},"excerpt":{"rendered":"<p>U\u015fak\u2019ta 30 A\u011fustos Zafer Bayram\u0131, d\u00fczenlenen \u00e7e\u015fitli etkinliklerinde co\u015fkuyla kutland\u0131. 15 Temmuz \u015eehitler Meydan\u0131\u2019nda d\u00fczenlenen etkinli\u011fe U\u015fak Valisi Naci Akta\u015f, AK Parti U\u015fak milletvekilleri \u0130smail G\u00fcne\u015f ve Fahrettin Tu\u011frul, CHP U\u015fak Milletvekili Ali Karaoba, U\u015fak Belediye Ba\u015fkan\u0131 \u00d6zkan Yal\u0131m, Garnizon Komutan\u0131 Personel Albay Ertan Benli, U\u015fak \u00dcniversitesi Rekt\u00f6r\u00fc Prof. Dr. Ekrem Sava\u015f, \u0130l Emniyet M\u00fcd\u00fcr\u00fc&#8230;<\/p>\n","protected":false},"author":1,"featured_media":52242,"comment_status":"open","ping_status":"open","sticky":false,"template":"","format":"standard","meta":{"_crdt_document":"","footnotes":""},"categories":[1],"tags":[],"class_list":["post-52241","post","type-post","status-publish","format-standard","has-post-thumbnail","hentry","category-guncel"],"_links":{"self":[{"href":"https:\/\/www.egemtv.com\/index.php?rest_route=\/wp\/v2\/posts\/52241","targetHints":{"allow":["GET"]}}],"collection":[{"href":"https:\/\/www.egemtv.com\/index.php?rest_route=\/wp\/v2\/posts"}],"about":[{"href":"https:\/\/www.egemtv.com\/index.php?rest_route=\/wp\/v2\/types\/post"}],"author":[{"embeddable":true,"href":"https:\/\/www.egemtv.com\/index.php?rest_route=\/wp\/v2\/users\/1"}],"replies":[{"embeddable":true,"href":"https:\/\/www.egemtv.com\/index.php?rest_route=%2Fwp%2Fv2%2Fcomments&post=52241"}],"version-history":[{"count":1,"href":"https:\/\/www.egemtv.com\/index.php?rest_route=\/wp\/v2\/posts\/52241\/revisions"}],"predecessor-version":[{"id":52243,"href":"https:\/\/www.egemtv.com\/index.php?rest_route=\/wp\/v2\/posts\/52241\/revisions\/52243"}],"wp:featuredmedia":[{"embeddable":true,"href":"https:\/\/www.egemtv.com\/index.php?rest_route=\/wp\/v2\/media\/52242"}],"wp:attachment":[{"href":"https:\/\/www.egemtv.com\/index.php?rest_route=%2Fwp%2Fv2%2Fmedia&parent=52241"}],"wp:term":[{"taxonomy":"category","embeddable":true,"href":"https:\/\/www.egemtv.com\/index.php?rest_route=%2Fwp%2Fv2%2Fcategories&post=52241"},{"taxonomy":"post_tag","embeddable":true,"href":"https:\/\/www.egemtv.com\/index.php?rest_route=%2Fwp%2Fv2%2Ftags&post=52241"}],"curies":[{"name":"wp","href":"https:\/\/api.w.org\/{rel}","templated":true}]}}