{"id":52238,"date":"2025-08-30T13:14:53","date_gmt":"2025-08-30T10:14:53","guid":{"rendered":"https:\/\/www.egemtv.com\/?p=52238"},"modified":"2025-08-30T13:14:54","modified_gmt":"2025-08-30T10:14:54","slug":"osb-baskani-derya-baltali-30-agustos-yalnizca-bir-zafer-degil-bir-milletin-bagimsizlik-kararliliginin-inancinin-ve-dirilisinin-adidir","status":"publish","type":"post","link":"https:\/\/www.egemtv.com\/?p=52238","title":{"rendered":"OSB Ba\u015fkan\u0131 Derya Baltal\u0131; &#8220;30 A\u011fustos, yaln\u0131zca bir zafer de\u011fil; bir milletin ba\u011f\u0131ms\u0131zl\u0131k kararl\u0131l\u0131\u011f\u0131n\u0131n, inanc\u0131n\u0131n ve dirili\u015finin ad\u0131d\u0131r&#8221;"},"content":{"rendered":"<p>Denizli Organize Sanayi B\u00f6lgesi Y\u00f6netim Kurulu Ba\u015fkan\u0131 Derya Baltal\u0131, 30 A\u011fustos Zafer Bayram\u0131 dolay\u0131s\u0131yla mesaj yay\u0131mlad\u0131. Mesaj\u0131nda OSB Ba\u015fkan\u0131 Baltal\u0131, &#8220;30 A\u011fustos, yaln\u0131zca bir zafer de\u011fil; bir milletin ba\u011f\u0131ms\u0131zl\u0131k kararl\u0131l\u0131\u011f\u0131n\u0131n, inanc\u0131n\u0131n ve dirili\u015finin ad\u0131d\u0131r&#8221; dedi.<\/p>\n<p>Denizli Organize Sanayi B\u00f6lgesi Y\u00f6netim Kurulu Ba\u015fkan\u0131 Derya Baltal\u0131, 30 A\u011fustos Zafer Bayram\u0131 dolay\u0131s\u0131yla mesaj yay\u0131mlad\u0131. OSB Ba\u015fkan\u0131 Baltal\u0131 mesaj\u0131nda, Denizli Organize Sanayi B\u00f6lgesi olarak kalk\u0131nma hedefleri i\u00e7in g\u00fc\u00e7 katmaya devam etti\u011fini dile getirerek, &#8220;30 A\u011fustos, yaln\u0131zca bir zafer de\u011fil; bir milletin ba\u011f\u0131ms\u0131zl\u0131k kararl\u0131l\u0131\u011f\u0131n\u0131n, inanc\u0131n\u0131n ve dirili\u015finin ad\u0131d\u0131r. Denizli Organize Sanayi B\u00f6lgesi olarak, bu e\u015fsiz zaferin ta\u015f\u0131d\u0131\u011f\u0131 ruhla \u00fcretmeye, istihdam olu\u015fturmaya ve \u00fclkemizin kalk\u0131nma hedeflerine g\u00fc\u00e7 katmaya devam ediyoruz. Ba\u015fkomutan\u0131m\u0131z Gazi Mustafa Kemal Atat\u00fcrk ba\u015fta olmak \u00fczere t\u00fcm \u015fehitlerimizi rahmetle, gazilerimizi ise minnet ve \u015f\u00fckranla an\u0131yor; 30 A\u011fustos Zafer Bayram\u0131\u2019n\u0131 gururla kutluyoruz. 30 A\u011fustos Zafer Bayram\u0131m\u0131z kutlu olsun&#8221; dedi.<br \/><\/p>\n","protected":false},"excerpt":{"rendered":"<p>Denizli Organize Sanayi B\u00f6lgesi Y\u00f6netim Kurulu Ba\u015fkan\u0131 Derya Baltal\u0131, 30 A\u011fustos Zafer Bayram\u0131 dolay\u0131s\u0131yla mesaj yay\u0131mlad\u0131. Mesaj\u0131nda OSB Ba\u015fkan\u0131 Baltal\u0131, &#8220;30 A\u011fustos, yaln\u0131zca bir zafer de\u011fil; bir milletin ba\u011f\u0131ms\u0131zl\u0131k kararl\u0131l\u0131\u011f\u0131n\u0131n, inanc\u0131n\u0131n ve dirili\u015finin ad\u0131d\u0131r&#8221; dedi. Denizli Organize Sanayi B\u00f6lgesi Y\u00f6netim Kurulu Ba\u015fkan\u0131 Derya Baltal\u0131, 30 A\u011fustos Zafer Bayram\u0131 dolay\u0131s\u0131yla mesaj yay\u0131mlad\u0131. OSB Ba\u015fkan\u0131 Baltal\u0131 mesaj\u0131nda,&#8230;<\/p>\n","protected":false},"author":1,"featured_media":52239,"comment_status":"open","ping_status":"open","sticky":false,"template":"","format":"standard","meta":{"_crdt_document":"","footnotes":""},"categories":[123],"tags":[],"class_list":["post-52238","post","type-post","status-publish","format-standard","has-post-thumbnail","hentry","category-gundem"],"_links":{"self":[{"href":"https:\/\/www.egemtv.com\/index.php?rest_route=\/wp\/v2\/posts\/52238","targetHints":{"allow":["GET"]}}],"collection":[{"href":"https:\/\/www.egemtv.com\/index.php?rest_route=\/wp\/v2\/posts"}],"about":[{"href":"https:\/\/www.egemtv.com\/index.php?rest_route=\/wp\/v2\/types\/post"}],"author":[{"embeddable":true,"href":"https:\/\/www.egemtv.com\/index.php?rest_route=\/wp\/v2\/users\/1"}],"replies":[{"embeddable":true,"href":"https:\/\/www.egemtv.com\/index.php?rest_route=%2Fwp%2Fv2%2Fcomments&post=52238"}],"version-history":[{"count":1,"href":"https:\/\/www.egemtv.com\/index.php?rest_route=\/wp\/v2\/posts\/52238\/revisions"}],"predecessor-version":[{"id":52240,"href":"https:\/\/www.egemtv.com\/index.php?rest_route=\/wp\/v2\/posts\/52238\/revisions\/52240"}],"wp:featuredmedia":[{"embeddable":true,"href":"https:\/\/www.egemtv.com\/index.php?rest_route=\/wp\/v2\/media\/52239"}],"wp:attachment":[{"href":"https:\/\/www.egemtv.com\/index.php?rest_route=%2Fwp%2Fv2%2Fmedia&parent=52238"}],"wp:term":[{"taxonomy":"category","embeddable":true,"href":"https:\/\/www.egemtv.com\/index.php?rest_route=%2Fwp%2Fv2%2Fcategories&post=52238"},{"taxonomy":"post_tag","embeddable":true,"href":"https:\/\/www.egemtv.com\/index.php?rest_route=%2Fwp%2Fv2%2Ftags&post=52238"}],"curies":[{"name":"wp","href":"https:\/\/api.w.org\/{rel}","templated":true}]}}