{"id":52235,"date":"2025-08-30T12:54:41","date_gmt":"2025-08-30T09:54:41","guid":{"rendered":"https:\/\/www.egemtv.com\/?p=52235"},"modified":"2025-08-30T12:54:42","modified_gmt":"2025-08-30T09:54:42","slug":"30-agustos-zafer-bayrami-denizlide-coskuyla-kutlandi","status":"publish","type":"post","link":"https:\/\/www.egemtv.com\/?p=52235","title":{"rendered":"30 A\u011fustos Zafer Bayram\u0131 Denizli\u2019de co\u015fkuyla kutland\u0131"},"content":{"rendered":"<p>Denizli\u2019de 30 A\u011fustos Zafer Bayram\u0131\u2019n\u0131n 103. y\u0131ld\u00f6n\u00fcm\u00fc, d\u00fczenlenen \u00e7e\u015fitli etkinliklerle co\u015fkuyla kutland\u0131. D\u00fczenlenen ge\u00e7it t\u00f6reni ve ge\u00e7i\u015fleri takip eden y\u00fczlerce vatanda\u015f taraf\u0131ndan ilgiyle izlendi.<\/p>\n<p>30 A\u011fustos Zafer Bayram\u0131\u2019n\u0131n 103. y\u0131ld\u00f6n\u00fcm\u00fc Denizli\u2019de t\u00f6renlerle kutland\u0131. Program, Pamukkale Kaymakaml\u0131\u011f\u0131n \u00f6n\u00fcnde Atat\u00fcrk b\u00fcst\u00fcne \u00e7elenk sunma ile ba\u015flad\u0131. Denizli Valisi \u00d6mer Faruk Co\u015fkun, 11. Komando Tugay ve Garnizon Komutan\u0131 Tu\u011fgeneral Turgut Muhammet \u00c7al\u0131\u015fkanlar, vatanda\u015flar\u0131 ve askeri korteji selamlayarak, Zafer Bayramlar\u0131n\u0131 kutlad\u0131. Denizli Valili\u011fi \u00f6n\u00fcnde sayg\u0131 duru\u015fu ve \u0130stiklal Mar\u015f\u0131 okunmas\u0131n\u0131n ard\u0131ndan g\u00fcn\u00fcn anlam ve \u00f6nemini belirten konu\u015fmalar ger\u00e7ekle\u015ftirildi. Tavas Belediyesi\u2019nin halk oyunlar\u0131 ekibinin g\u00f6sterisi ve 30 A\u011fustos Zafer Bayram\u0131 dolay\u0131s\u0131yla resmi kutlama program\u0131nda ge\u00e7it t\u00f6reni yap\u0131ld\u0131. T\u00f6rende askeri t\u00f6ren birlikleri, askeri ara\u00e7 ge\u00e7i\u015fi, Muharip Gaziler Derne\u011fi \u00fcyelerinin askeri ara\u00e7 ile ge\u00e7i\u015fi, sporcular\u0131n T\u00fcrk bayra\u011f\u0131 ve Atat\u00fcrk posteriyle ge\u00e7i\u015fi, kutlamalar\u0131 takip eden y\u00fczlerce vatanda\u015f taraf\u0131ndan ilgiyle izlendi.<\/p>\n<p>T\u00f6rene Denizli Valisi \u00d6mer Faruk Co\u015fkun, 11. Komando Tugay ve Garnizon Komutan\u0131 Tu\u011fgeneral Turgut Muhammet \u00c7al\u0131\u015fkanlar, \u0130l Emniyet M\u00fcd\u00fcr\u00fc Yavuz Sa\u011fd\u0131\u00e7, Denizli \u0130l Jandarma Komutan\u0131 Albay Mevl\u00fct Dirim, Denizli Milletvekili Sema Silkin \u00dcn, Pamukkale Kaymakam\u0131 U\u011fur Bulut, milletvekilleri yan\u0131 s\u0131ra \u00e7ok say\u0131da vatanda\u015f kat\u0131l\u0131m sa\u011flad\u0131.<br \/><\/p>\n","protected":false},"excerpt":{"rendered":"<p>Denizli\u2019de 30 A\u011fustos Zafer Bayram\u0131\u2019n\u0131n 103. y\u0131ld\u00f6n\u00fcm\u00fc, d\u00fczenlenen \u00e7e\u015fitli etkinliklerle co\u015fkuyla kutland\u0131. D\u00fczenlenen ge\u00e7it t\u00f6reni ve ge\u00e7i\u015fleri takip eden y\u00fczlerce vatanda\u015f taraf\u0131ndan ilgiyle izlendi. 30 A\u011fustos Zafer Bayram\u0131\u2019n\u0131n 103. y\u0131ld\u00f6n\u00fcm\u00fc Denizli\u2019de t\u00f6renlerle kutland\u0131. Program, Pamukkale Kaymakaml\u0131\u011f\u0131n \u00f6n\u00fcnde Atat\u00fcrk b\u00fcst\u00fcne \u00e7elenk sunma ile ba\u015flad\u0131. Denizli Valisi \u00d6mer Faruk Co\u015fkun, 11. Komando Tugay ve Garnizon Komutan\u0131 Tu\u011fgeneral&#8230;<\/p>\n","protected":false},"author":1,"featured_media":52236,"comment_status":"open","ping_status":"open","sticky":false,"template":"","format":"standard","meta":{"_crdt_document":"","footnotes":""},"categories":[1],"tags":[],"class_list":["post-52235","post","type-post","status-publish","format-standard","has-post-thumbnail","hentry","category-guncel"],"_links":{"self":[{"href":"https:\/\/www.egemtv.com\/index.php?rest_route=\/wp\/v2\/posts\/52235","targetHints":{"allow":["GET"]}}],"collection":[{"href":"https:\/\/www.egemtv.com\/index.php?rest_route=\/wp\/v2\/posts"}],"about":[{"href":"https:\/\/www.egemtv.com\/index.php?rest_route=\/wp\/v2\/types\/post"}],"author":[{"embeddable":true,"href":"https:\/\/www.egemtv.com\/index.php?rest_route=\/wp\/v2\/users\/1"}],"replies":[{"embeddable":true,"href":"https:\/\/www.egemtv.com\/index.php?rest_route=%2Fwp%2Fv2%2Fcomments&post=52235"}],"version-history":[{"count":1,"href":"https:\/\/www.egemtv.com\/index.php?rest_route=\/wp\/v2\/posts\/52235\/revisions"}],"predecessor-version":[{"id":52237,"href":"https:\/\/www.egemtv.com\/index.php?rest_route=\/wp\/v2\/posts\/52235\/revisions\/52237"}],"wp:featuredmedia":[{"embeddable":true,"href":"https:\/\/www.egemtv.com\/index.php?rest_route=\/wp\/v2\/media\/52236"}],"wp:attachment":[{"href":"https:\/\/www.egemtv.com\/index.php?rest_route=%2Fwp%2Fv2%2Fmedia&parent=52235"}],"wp:term":[{"taxonomy":"category","embeddable":true,"href":"https:\/\/www.egemtv.com\/index.php?rest_route=%2Fwp%2Fv2%2Fcategories&post=52235"},{"taxonomy":"post_tag","embeddable":true,"href":"https:\/\/www.egemtv.com\/index.php?rest_route=%2Fwp%2Fv2%2Ftags&post=52235"}],"curies":[{"name":"wp","href":"https:\/\/api.w.org\/{rel}","templated":true}]}}