{"id":52232,"date":"2025-08-30T12:36:02","date_gmt":"2025-08-30T09:36:02","guid":{"rendered":"https:\/\/www.egemtv.com\/?p=52232"},"modified":"2025-08-30T12:36:03","modified_gmt":"2025-08-30T09:36:03","slug":"aydin-buyuksehir-belediyesinin-zafer-bayrami-etkinlikleri-basladi","status":"publish","type":"post","link":"https:\/\/www.egemtv.com\/?p=52232","title":{"rendered":"Ayd\u0131n B\u00fcy\u00fck\u015fehir Belediyesi\u2019nin Zafer Bayram\u0131 etkinlikleri ba\u015flad\u0131"},"content":{"rendered":"<p>Gazi Mustafa Kemal Atat\u00fcrk \u00f6nderli\u011finde kazan\u0131lan B\u00fcy\u00fck Zafer\u2019in 103. y\u0131l\u0131 i\u00e7in Ayd\u0131n B\u00fcy\u00fck\u015fehir Belediyesi taraf\u0131ndan d\u00fczenlenen etkinlikler bug\u00fcn ba\u015flad\u0131.<\/p>\n<p>Kutlamalar\u0131n a\u00e7\u0131l\u0131\u015f\u0131 Buharkent il\u00e7esinde yap\u0131ld\u0131. Etkinliklerde sevilen sanat\u00e7\u0131 Bilal Sonses sahne al\u0131rken, binlerce vatanda\u015f ellerinde T\u00fcrk bayraklar\u0131yla konser alan\u0131n\u0131 doldurdu. Cumhuriyet Meydan\u0131\u2019nda d\u00fczenlenen konserde vatanda\u015flar \u015fark\u0131lara hep bir a\u011f\u0131zdan e\u015flik ederek Zafer Bayram\u0131\u2019n\u0131n co\u015fkusunu doyas\u0131ya ya\u015fad\u0131. Buharkent Belediye Ba\u015fkan\u0131 Mehmet Erol, kutlama etkinlikleri ve destekleri nedeniyle Ayd\u0131n B\u00fcy\u00fck\u015fehir Belediye Ba\u015fkan\u0131 \u00d6zlem \u00c7er\u00e7io\u011flu\u2019na te\u015fekk\u00fcr etti.<br \/>\n<br \/>Ayd\u0131n B\u00fcy\u00fck\u015fehir Belediyesi taraf\u0131ndan d\u00fczenlenen Zafer Bayram\u0131 etkinlikleri farkl\u0131 il\u00e7elerde devam edecek. 30 A\u011fustos Cumartesi g\u00fcn\u00fc saat 21.30\u2018da Efeler il\u00e7esi Atat\u00fcrk Kent Meydan\u0131\u2019nda d\u00fczenlenecek olan Hakan Altun konseri ve 31 A\u011fustos Pazar g\u00fcn\u00fc saat 21.30\u2019da \u0130ncirliova Cumhuriyet Meydan\u0131\u2019nda sahne alacak \u00dcmit Besen ve Pamela konseriyle co\u015fku doru\u011fa \u00e7\u0131kacak.<br \/><\/p>\n","protected":false},"excerpt":{"rendered":"<p>Gazi Mustafa Kemal Atat\u00fcrk \u00f6nderli\u011finde kazan\u0131lan B\u00fcy\u00fck Zafer\u2019in 103. y\u0131l\u0131 i\u00e7in Ayd\u0131n B\u00fcy\u00fck\u015fehir Belediyesi taraf\u0131ndan d\u00fczenlenen etkinlikler bug\u00fcn ba\u015flad\u0131. Kutlamalar\u0131n a\u00e7\u0131l\u0131\u015f\u0131 Buharkent il\u00e7esinde yap\u0131ld\u0131. Etkinliklerde sevilen sanat\u00e7\u0131 Bilal Sonses sahne al\u0131rken, binlerce vatanda\u015f ellerinde T\u00fcrk bayraklar\u0131yla konser alan\u0131n\u0131 doldurdu. Cumhuriyet Meydan\u0131\u2019nda d\u00fczenlenen konserde vatanda\u015flar \u015fark\u0131lara hep bir a\u011f\u0131zdan e\u015flik ederek Zafer Bayram\u0131\u2019n\u0131n co\u015fkusunu doyas\u0131ya ya\u015fad\u0131&#8230;.<\/p>\n","protected":false},"author":1,"featured_media":52233,"comment_status":"open","ping_status":"open","sticky":false,"template":"","format":"standard","meta":{"_crdt_document":"","footnotes":""},"categories":[1],"tags":[],"class_list":["post-52232","post","type-post","status-publish","format-standard","has-post-thumbnail","hentry","category-guncel"],"_links":{"self":[{"href":"https:\/\/www.egemtv.com\/index.php?rest_route=\/wp\/v2\/posts\/52232","targetHints":{"allow":["GET"]}}],"collection":[{"href":"https:\/\/www.egemtv.com\/index.php?rest_route=\/wp\/v2\/posts"}],"about":[{"href":"https:\/\/www.egemtv.com\/index.php?rest_route=\/wp\/v2\/types\/post"}],"author":[{"embeddable":true,"href":"https:\/\/www.egemtv.com\/index.php?rest_route=\/wp\/v2\/users\/1"}],"replies":[{"embeddable":true,"href":"https:\/\/www.egemtv.com\/index.php?rest_route=%2Fwp%2Fv2%2Fcomments&post=52232"}],"version-history":[{"count":1,"href":"https:\/\/www.egemtv.com\/index.php?rest_route=\/wp\/v2\/posts\/52232\/revisions"}],"predecessor-version":[{"id":52234,"href":"https:\/\/www.egemtv.com\/index.php?rest_route=\/wp\/v2\/posts\/52232\/revisions\/52234"}],"wp:featuredmedia":[{"embeddable":true,"href":"https:\/\/www.egemtv.com\/index.php?rest_route=\/wp\/v2\/media\/52233"}],"wp:attachment":[{"href":"https:\/\/www.egemtv.com\/index.php?rest_route=%2Fwp%2Fv2%2Fmedia&parent=52232"}],"wp:term":[{"taxonomy":"category","embeddable":true,"href":"https:\/\/www.egemtv.com\/index.php?rest_route=%2Fwp%2Fv2%2Fcategories&post=52232"},{"taxonomy":"post_tag","embeddable":true,"href":"https:\/\/www.egemtv.com\/index.php?rest_route=%2Fwp%2Fv2%2Ftags&post=52232"}],"curies":[{"name":"wp","href":"https:\/\/api.w.org\/{rel}","templated":true}]}}