{"id":52145,"date":"2025-08-30T03:54:33","date_gmt":"2025-08-30T00:54:33","guid":{"rendered":"https:\/\/www.egemtv.com\/?p=52145"},"modified":"2025-08-30T03:54:33","modified_gmt":"2025-08-30T00:54:33","slug":"buldanda-yangini-sondurmek-icin-bolgede-bulunan-dozer-operatoru-yaralanarak-hastaneye-kaldirildi","status":"publish","type":"post","link":"https:\/\/www.egemtv.com\/?p=52145","title":{"rendered":"Buldan\u2019da yang\u0131n\u0131 s\u00f6nd\u00fcrmek i\u00e7in b\u00f6lgede bulunan dozer operat\u00f6r\u00fc yaralanarak hastaneye kald\u0131r\u0131ld\u0131"},"content":{"rendered":"<p>Denizli\u2019nin Buldan il\u00e7esinde \u00f6\u011fle saatlerinde ba\u015flayan orman yang\u0131n\u0131 \u00e7al\u0131\u015fmalar\u0131 ak\u015fam saatlerinde de devam ediyor. \u00c7al\u0131\u015fmalar esnas\u0131nda Orman \u0130\u015fletme M\u00fcd\u00fcrl\u00fc\u011f\u00fcne ba\u011fl\u0131 dozer operat\u00f6r\u00fc yaralanarak hastaneye kald\u0131r\u0131ld\u0131.<\/p>\n<p>Denizli\u2019nin Buldan il\u00e7esi \u00c7atak Mahallesi\u2019nde \u00e7\u0131kan orman yang\u0131n\u0131 i\u00e7in ekipler ak\u015fam zorlu \u015fartlara ra\u011fmen s\u00f6nd\u00fcrme \u00e7al\u0131\u015fmalar\u0131na devam ediyor. Sarp arazi alan\u0131nda bulunan orman yang\u0131n\u0131nda s\u00f6nd\u00fcrme \u00e7al\u0131\u015fmalar\u0131 i\u00e7in b\u00f6lgeye sevk edilen Buldan Orman \u0130\u015fletme M\u00fcd\u00fcr\u00fc personellerinden Burak P. yaraland\u0131. Dozer operat\u00f6r\u00fc olan Burak P. \u00e7al\u0131\u015fmalar esnas\u0131nda dozer ekipman\u0131na aya\u011f\u0131 s\u0131k\u0131\u015ft\u0131. S\u0131k\u0131\u015fman\u0131n ard\u0131ndan b\u00f6lgeye sevk edilen sa\u011fl\u0131k ekipleri en yak\u0131n hastaneye sevk etti. Tarak kemi\u011finde k\u0131r\u0131k oldu\u011fu \u00f6\u011frenilen Burak P. durumu iyi oldu\u011fu tespit edildi.<\/p>\n<p>\u00d6\u011fle saatlerinde ba\u015flayan orman yang\u0131n\u0131 ise Ayd\u0131n\u2019\u0131n Buharkent il\u00e7esinde devam etti\u011fi ve \u00e7al\u0131\u015fmalar\u0131n s\u00fcrd\u00fcr\u00fcld\u00fc\u011f\u00fc \u00f6\u011frenildi.<br \/><\/p>\n","protected":false},"excerpt":{"rendered":"<p>Denizli\u2019nin Buldan il\u00e7esinde \u00f6\u011fle saatlerinde ba\u015flayan orman yang\u0131n\u0131 \u00e7al\u0131\u015fmalar\u0131 ak\u015fam saatlerinde de devam ediyor. \u00c7al\u0131\u015fmalar esnas\u0131nda Orman \u0130\u015fletme M\u00fcd\u00fcrl\u00fc\u011f\u00fcne ba\u011fl\u0131 dozer operat\u00f6r\u00fc yaralanarak hastaneye kald\u0131r\u0131ld\u0131. Denizli\u2019nin Buldan il\u00e7esi \u00c7atak Mahallesi\u2019nde \u00e7\u0131kan orman yang\u0131n\u0131 i\u00e7in ekipler ak\u015fam zorlu \u015fartlara ra\u011fmen s\u00f6nd\u00fcrme \u00e7al\u0131\u015fmalar\u0131na devam ediyor. Sarp arazi alan\u0131nda bulunan orman yang\u0131n\u0131nda s\u00f6nd\u00fcrme \u00e7al\u0131\u015fmalar\u0131 i\u00e7in b\u00f6lgeye sevk edilen&#8230;<\/p>\n","protected":false},"author":1,"featured_media":52146,"comment_status":"open","ping_status":"open","sticky":false,"template":"","format":"standard","meta":{"_crdt_document":"","footnotes":""},"categories":[5],"tags":[],"class_list":["post-52145","post","type-post","status-publish","format-standard","has-post-thumbnail","hentry","category-asayis"],"_links":{"self":[{"href":"https:\/\/www.egemtv.com\/index.php?rest_route=\/wp\/v2\/posts\/52145","targetHints":{"allow":["GET"]}}],"collection":[{"href":"https:\/\/www.egemtv.com\/index.php?rest_route=\/wp\/v2\/posts"}],"about":[{"href":"https:\/\/www.egemtv.com\/index.php?rest_route=\/wp\/v2\/types\/post"}],"author":[{"embeddable":true,"href":"https:\/\/www.egemtv.com\/index.php?rest_route=\/wp\/v2\/users\/1"}],"replies":[{"embeddable":true,"href":"https:\/\/www.egemtv.com\/index.php?rest_route=%2Fwp%2Fv2%2Fcomments&post=52145"}],"version-history":[{"count":1,"href":"https:\/\/www.egemtv.com\/index.php?rest_route=\/wp\/v2\/posts\/52145\/revisions"}],"predecessor-version":[{"id":52147,"href":"https:\/\/www.egemtv.com\/index.php?rest_route=\/wp\/v2\/posts\/52145\/revisions\/52147"}],"wp:featuredmedia":[{"embeddable":true,"href":"https:\/\/www.egemtv.com\/index.php?rest_route=\/wp\/v2\/media\/52146"}],"wp:attachment":[{"href":"https:\/\/www.egemtv.com\/index.php?rest_route=%2Fwp%2Fv2%2Fmedia&parent=52145"}],"wp:term":[{"taxonomy":"category","embeddable":true,"href":"https:\/\/www.egemtv.com\/index.php?rest_route=%2Fwp%2Fv2%2Fcategories&post=52145"},{"taxonomy":"post_tag","embeddable":true,"href":"https:\/\/www.egemtv.com\/index.php?rest_route=%2Fwp%2Fv2%2Ftags&post=52145"}],"curies":[{"name":"wp","href":"https:\/\/api.w.org\/{rel}","templated":true}]}}