{"id":52142,"date":"2025-08-30T01:54:51","date_gmt":"2025-08-29T22:54:51","guid":{"rendered":"https:\/\/www.egemtv.com\/?p=52142"},"modified":"2025-08-30T01:54:51","modified_gmt":"2025-08-29T22:54:51","slug":"manisada-feci-kaza-1-olu-2si-agir-8-yarali","status":"publish","type":"post","link":"https:\/\/www.egemtv.com\/?p=52142","title":{"rendered":"Manisa\u2019da feci kaza: 1 \u00f6l\u00fc, 2\u2019si a\u011f\u0131r 8 yaral\u0131"},"content":{"rendered":"<p>Manisa\u2019n\u0131n Salihli il\u00e7esinde kamyon ile kamyonetin \u00e7arp\u0131\u015fmas\u0131 sonucu meydana gelen kazada 1 ki\u015fi hayat\u0131n\u0131 kaybetti, 2\u2019si a\u011f\u0131r 8 ki\u015fi de yaraland\u0131.<br \/>\n<br \/>Kaza, \u0130zmir-Ankara D300 Karayolu Duras\u0131ll\u0131 I\u015f\u0131kl\u0131 Kav\u015fakta meydana geldi. Edinilen bilgiye g\u00f6re, Kula\u2019dan Salihli y\u00f6n\u00fcne giden Samet Tokur (24) y\u00f6netimindeki 51 AAZ 172 plakal\u0131 kamyon ile Duras\u0131ll\u0131 \u0131\u015f\u0131klardan kar\u015f\u0131 y\u00f6ne ge\u00e7i\u015f yapan Abd\u00fclb\u00e2k\u00ee \u00d6. (47)y\u00f6netimindeki 35 AY 1318 plakal\u0131 kamyonet kav\u015fakta \u00e7arp\u0131\u015ft\u0131. Kazay\u0131 g\u00f6ren vatanda\u015flar\u0131n ihbar\u0131 \u00fczerine kaza yerine \u00e7ok say\u0131da sa\u011fl\u0131k, polis ve itfaiye ekipleri sevk edildi. Kamyonetin hurdaya d\u00f6nd\u00fc\u011f\u00fc ve can pazar\u0131n\u0131n ya\u015fand\u0131\u011f\u0131 kazay\u0131 s\u00fcr\u00fcc\u00fcler yara almadan atlat\u0131rken, kamyonette yolcu konumunda bulunan Z.\u00c7.(39), G.N.B.(22), B.D.(26), D.K.(18), B.K.(22), M.C.(23), M.K.(18), \u0130.K.(32) ve Yeter Beyazduman (42) yaraland\u0131. Yaral\u0131lar, sa\u011fl\u0131k ekipleri taraf\u0131ndan olay yerinde yap\u0131lan ilk m\u00fcdahalenin ard\u0131ndan Salihli Devlet Hastanesi ile \u00f6zel hastanelere kald\u0131r\u0131ld\u0131. Hastaneye kald\u0131r\u0131lan ve durumu a\u011f\u0131r olan yaral\u0131lardan Yeter Beyazduman doktorlar\u0131n t\u00fcm m\u00fcdahalesine ra\u011fmen kurtar\u0131lamad\u0131.<br \/>\n<br \/>Kaza ile ilgili soru\u015fturma ba\u015flat\u0131l\u0131rken, her 2 s\u00fcr\u00fcc\u00fcn\u00fcn g\u00f6zalt\u0131na al\u0131nd\u0131\u011f\u0131 \u00f6\u011frenildi.<br \/>\n<br \/>\u00d6te yandan yaral\u0131lardan B.D. ve M.C.\u2019nin hayati tehlikesinin bulundu\u011fu \u00f6\u011frenildi.<br \/><\/p>\n","protected":false},"excerpt":{"rendered":"<p>Manisa\u2019n\u0131n Salihli il\u00e7esinde kamyon ile kamyonetin \u00e7arp\u0131\u015fmas\u0131 sonucu meydana gelen kazada 1 ki\u015fi hayat\u0131n\u0131 kaybetti, 2\u2019si a\u011f\u0131r 8 ki\u015fi de yaraland\u0131. Kaza, \u0130zmir-Ankara D300 Karayolu Duras\u0131ll\u0131 I\u015f\u0131kl\u0131 Kav\u015fakta meydana geldi. Edinilen bilgiye g\u00f6re, Kula\u2019dan Salihli y\u00f6n\u00fcne giden Samet Tokur (24) y\u00f6netimindeki 51 AAZ 172 plakal\u0131 kamyon ile Duras\u0131ll\u0131 \u0131\u015f\u0131klardan kar\u015f\u0131 y\u00f6ne ge\u00e7i\u015f yapan Abd\u00fclb\u00e2k\u00ee \u00d6&#8230;.<\/p>\n","protected":false},"author":1,"featured_media":52143,"comment_status":"open","ping_status":"open","sticky":false,"template":"","format":"standard","meta":{"_crdt_document":"","footnotes":""},"categories":[5],"tags":[],"class_list":["post-52142","post","type-post","status-publish","format-standard","has-post-thumbnail","hentry","category-asayis"],"_links":{"self":[{"href":"https:\/\/www.egemtv.com\/index.php?rest_route=\/wp\/v2\/posts\/52142","targetHints":{"allow":["GET"]}}],"collection":[{"href":"https:\/\/www.egemtv.com\/index.php?rest_route=\/wp\/v2\/posts"}],"about":[{"href":"https:\/\/www.egemtv.com\/index.php?rest_route=\/wp\/v2\/types\/post"}],"author":[{"embeddable":true,"href":"https:\/\/www.egemtv.com\/index.php?rest_route=\/wp\/v2\/users\/1"}],"replies":[{"embeddable":true,"href":"https:\/\/www.egemtv.com\/index.php?rest_route=%2Fwp%2Fv2%2Fcomments&post=52142"}],"version-history":[{"count":1,"href":"https:\/\/www.egemtv.com\/index.php?rest_route=\/wp\/v2\/posts\/52142\/revisions"}],"predecessor-version":[{"id":52144,"href":"https:\/\/www.egemtv.com\/index.php?rest_route=\/wp\/v2\/posts\/52142\/revisions\/52144"}],"wp:featuredmedia":[{"embeddable":true,"href":"https:\/\/www.egemtv.com\/index.php?rest_route=\/wp\/v2\/media\/52143"}],"wp:attachment":[{"href":"https:\/\/www.egemtv.com\/index.php?rest_route=%2Fwp%2Fv2%2Fmedia&parent=52142"}],"wp:term":[{"taxonomy":"category","embeddable":true,"href":"https:\/\/www.egemtv.com\/index.php?rest_route=%2Fwp%2Fv2%2Fcategories&post=52142"},{"taxonomy":"post_tag","embeddable":true,"href":"https:\/\/www.egemtv.com\/index.php?rest_route=%2Fwp%2Fv2%2Ftags&post=52142"}],"curies":[{"name":"wp","href":"https:\/\/api.w.org\/{rel}","templated":true}]}}