{"id":52139,"date":"2025-08-30T00:54:53","date_gmt":"2025-08-29T21:54:53","guid":{"rendered":"https:\/\/www.egemtv.com\/?p=52139"},"modified":"2025-08-30T00:54:54","modified_gmt":"2025-08-29T21:54:54","slug":"izmir-enternasyonal-fuari-94-kez-kapilarini-acti","status":"publish","type":"post","link":"https:\/\/www.egemtv.com\/?p=52139","title":{"rendered":"\u0130zmir Enternasyonal Fuar\u0131 94. kez kap\u0131lar\u0131n\u0131 a\u00e7t\u0131"},"content":{"rendered":"<p>Cumhuriyet\u2019in ilk y\u0131llar\u0131ndan bu yana aral\u0131ks\u0131z ger\u00e7ekle\u015ftirilen \u0130zmir Enternasyonal Fuar\u0131, 94. kez kap\u0131lar\u0131n\u0131 ziyaret\u00e7ilere a\u00e7t\u0131.<br \/>\n<br \/>T\u00fcrkiye\u2019nin en k\u00f6kl\u00fc fuarlar\u0131ndan biri olan \u0130zmir Enternasyonal Fuar\u0131, d\u00fczenlenen t\u00f6renle 94. kez kap\u0131lar\u0131n\u0131 a\u00e7t\u0131. Farkl\u0131 sekt\u00f6rleri bir araya getiren \u00fclkenin ilk genel ticaret fuar\u0131 olan \u0130zmir Enternasyonal Fuar\u0131, bu y\u0131l da d\u00fcnyadaki yenilikleri ve geli\u015fmeleri T\u00fcrkiye ile bulu\u015fturmay\u0131 hedefliyor. Cumhuriyet\u2019in ilk y\u0131llar\u0131ndan bu yana ger\u00e7ekle\u015ftirilen fuar, bir\u00e7ok konser, tiyatro, sinema g\u00f6sterimi, sokak g\u00f6sterileri, s\u00f6yle\u015filer, sergilerle 31 A\u011fustos-9 Eyl\u00fcl tarihleri aras\u0131nda devam edecek.<br \/>\n<br \/>&#8220;Fuar \u015eehrin Kalbinde&#8221; slogan\u0131yla d\u00fczenlenen fuar\u0131n a\u00e7\u0131l\u0131\u015f t\u00f6reni, G\u00fcndo\u011fdu Meydan\u0131\u2019ndan K\u00fclt\u00fcrpark\u2019a gelen renkli kortejle ba\u015flad\u0131. A\u00e7\u0131l\u0131\u015f t\u00f6reninde karde\u015f \u00fclke Bosna Hersek\u2019in halk danslar\u0131 ekibi g\u00f6steri d\u00fczenledi. G\u00f6sterilerin ard\u0131ndan a\u00e7\u0131l\u0131\u015f konu\u015fmas\u0131n\u0131 ger\u00e7ekle\u015ftiren \u0130zmir B\u00fcy\u00fck\u015fehir Belediye Ba\u015fkan\u0131 Cemil Tugay, &#8220;Bu sene \u2019Fuar \u015eehrin Kalbinde\u2019 diye bir sloganla fuar\u0131m\u0131z\u0131 a\u00e7t\u0131k. Bu slogan \u015fu anlama geliyor; \u0130zmir Fuar\u0131\u2019n\u0131n a\u00e7\u0131ld\u0131\u011f\u0131 ve devam etti\u011fi g\u00fcnlerde \u0130zmirlilerin kalpleri ayr\u0131 bir heyecanla \u00e7arpar. Bu fuar d\u00f6neminde mutlaka \u0130zmirliler fuar\u0131 ziyaret eder, an\u0131lar\u0131na yeni an\u0131lar eklerler. \u0130zmir Fuar\u0131 hepimizin hayat\u0131 boyunca farkl\u0131 \u015fekillerde kalbinde yer etmi\u015f bir etkinliktir. Fuar \u0130zmirlilerin kalbinde her zaman var ve olmaya devam edecek&#8221; diye konu\u015ftu.<br \/>\n<br \/>Onur konu\u011fu \u00fclke Bosna Hersek\u2019in B\u00fcy\u00fckel\u00e7isi Mirsada Colakovic, &#8220;Biz asl\u0131nda bu ola\u011fan\u00fcst\u00fc etkinlikte, bu canl\u0131 ve tarihi \u015fehirde olmaktan gurur duyuyoruz. \u0130zmir k\u00f6kl\u00fc miras\u0131 ve ileriye d\u00f6n\u00fck vizyonuyla sadece T\u00fcrkiye\u2019nin ekonomik anlamda temel ta\u015flar\u0131ndan biri de\u011fil, ayn\u0131 zamanda uluslararas\u0131 i\u015f birli\u011finin g\u00fc\u00e7l\u00fc bir sembol\u00fcd\u00fcr. \u0130EF, m\u00fctevaz\u0131 bir ticaret sergisi olarak ba\u015flam\u0131\u015f, bug\u00fcn k\u00fclt\u00fcrel ve ekonomik de\u011fi\u015fimin k\u00fcresel bir platformuna d\u00f6n\u00fc\u015fm\u00fc\u015ft\u00fcr. Bu fuar diplomasinin sadece b\u00fcy\u00fckel\u00e7ilik ya da bakanl\u0131klarda de\u011fil, fuarlarda, m\u00fczikte, yemekte, diyalogda payla\u015f\u0131lan deneyimlerle de in\u015fa edildi\u011fini g\u00f6sterir. Kal\u0131c\u0131 dostluklar kurulur, ortakl\u0131klar tesis edilir ve bar\u0131\u015f g\u00fc\u00e7lenir. Bu y\u0131l\u0131n temas\u0131 olan Balkan \u015fehirleri, bizim i\u00e7in son derece anlaml\u0131. Balkanlar zenginlikleri, karma\u015f\u0131kl\u0131klar\u0131 ile uzun s\u00fcredir hem canl\u0131 k\u00fclt\u00fcrlerin hem de tarihi zorluklar\u0131n merkezi olmu\u015ftur&#8221; dedi.<br \/>\n<br \/>A\u00e7\u0131l\u0131\u015f t\u00f6reninde konu\u015fan Ticaret Bakan Yard\u0131mc\u0131s\u0131 \u00d6zg\u00fcr Volkan A\u011far, &#8220;D\u00fcnya ekonomisinde belirsizliklerin zirveye ula\u015ft\u0131\u011f\u0131, g\u00fc\u00e7 dengelerinin h\u0131zl\u0131 de\u011fi\u015fim g\u00f6sterdi\u011fi, \u00fcretim ve tedarik zincirlerinin derinden etkilendi\u011fi bir d\u00f6nemden ge\u00e7iyoruz. B\u00f6ylesine bir d\u00f6nemde T\u00fcrkiye olarak k\u00fcresel diplomasinin merkezinde kendini konumland\u0131ran ve b\u00f6lgesel i\u015fbirli\u011fi ve dayan\u0131\u015fmay\u0131 \u00f6nceliklendiren bir duru\u015f sergiliyoruz. \u00c7\u00fcnk\u00fc biliyoruz ki bu t\u00fcr zorlu d\u00f6nemlerden \u00fclkemizi ekonomik anlamda en avantajl\u0131 olarak \u00e7\u0131karman\u0131n yegane yolu yak\u0131n co\u011frafyam\u0131z ve hedef \u00fclkelerimiz ba\u015fta olmak \u00fczere \u00fclkemizin ticari ve ekonomik ili\u015fkilerini daha da geli\u015ftirmekten ge\u00e7iyor. Nitekim izledi\u011fimiz ba\u015far\u0131l\u0131 politikalar\u0131n katk\u0131s\u0131yla ekonomimiz b\u00fcy\u00fcme performans\u0131n\u0131 19 \u00e7eyrekte ba\u015far\u0131yla s\u00fcrd\u00fcr\u00fcrken milli gelirde 1.3 trilyon dolar\u0131 a\u015fan bir d\u00fczeye eri\u015ftik. Ekonomimiz lokomotif ihracat taraf\u0131nda da d\u00fcnya ticaretindeki t\u00fcm yava\u015flamaya ve resesyon risklerine kar\u015f\u0131 art\u0131\u015f e\u011filimini s\u00fcrd\u00fcr\u00fcyoruz. Mal ihracat\u0131m\u0131z temmuz ay\u0131 itibariyle 270 milyar dolar ile tarihi bir seviyeye ula\u015ft\u0131. Hizmet ihracat\u0131m\u0131z ise rekorlar\u0131na bir yenisini ekleyerek haziran ay\u0131 itibar\u0131yla y\u0131ll\u0131kland\u0131r\u0131lm\u0131\u015f bazda 117 milyar 700 milyon dolar seviyesine y\u00fckseldi. Y\u0131l sonunda mal ve hizmet ihracat\u0131 toplam\u0131m\u0131z 390 milyar dolar\u0131 a\u015fan bir rakama ula\u015facak. Mal ve hizmet ihracat\u0131ndaki bu katk\u0131n\u0131n etkisiyle 2023 y\u0131l\u0131 may\u0131s ay\u0131nda 55 milyar 100 milyon dolar olan cari i\u015flemler a\u00e7\u0131\u011f\u0131 sonraki aylarda \u00f6nemli oranda azalarak 2025 Haziran ay\u0131 itibar\u0131yla y\u0131ll\u0131kland\u0131r\u0131lm\u0131\u015f olarak 18 milyar 900 milyon dolara dolara kadar geriledi. \u0130zmir Fuar\u0131m\u0131zda bu \u00e7abalar\u0131m\u0131z\u0131n en g\u00fczel \u00f6rne\u011fi, fuar\u0131m\u0131z\u0131n etki alan\u0131n\u0131 her ge\u00e7en y\u0131l daha da artt\u0131rarak ger\u00e7ekle\u015ftirmesi, \u0130zmir\u2019in d\u00fcnya ticareti a\u00e7\u0131s\u0131ndan ta\u015f\u0131d\u0131\u011f\u0131 \u00f6nemi de hepimize a\u00e7\u0131k\u00e7a g\u00f6steriyor&#8221; ifadelerini kulland\u0131.<br \/>\n<br \/>Konu\u015fmalar sonras\u0131 a\u00e7\u0131l\u0131\u015f kurdelesi kesilerek, protokol \u00fcyeleri fuar\u0131 gezdi. Fuar\u0131n a\u00e7\u0131l\u0131\u015f g\u00fcn\u00fcnde sevilen sanat\u00e7\u0131 Candan Er\u00e7etin de konser verdi. Birbirinden g\u00fczel par\u00e7alar\u0131n\u0131 \u0130zmirliler i\u00e7in seslendiren Er\u00e7etin, \u0130zmirlilere unutulmaz bir ak\u015fam ya\u015fatt\u0131.<br \/>\n<br \/>\u0130zmir B\u00fcy\u00fck\u015fehir Belediye Ba\u015fkan\u0131 Dr. Cemil Tugay ile e\u015fi \u00d6znur Tugay\u2019\u0131n ev sahipli\u011findeki a\u00e7\u0131l\u0131\u015fa Ticaret Bakan Yard\u0131mc\u0131s\u0131 \u00d6zg\u00fcr Volkan A\u011far, onur konu\u011fu \u00fclke Bosna Hersek\u2019in B\u00fcy\u00fckel\u00e7isi Mirsada Colakovic, Bosna Hersek \u0130nsan Haklar\u0131 ve M\u00fclteciler Bakan\u0131 Sevlid Hurtic ve Bosna Hersek delegasyonu, CHP K\u00fclt\u00fcr ve Turizm Bakanl\u0131\u011f\u0131ndan Sorumlu Genel Ba\u015fkan Yard\u0131mc\u0131s\u0131 G\u00fcl\u015fah Deniz Atalar, Bal\u0131kesir B\u00fcy\u00fck\u015fehir Belediye Ba\u015fkan\u0131 Ahmet Ak\u0131n ile e\u015fi Arbil Ak\u0131n, CHP \u0130zmir \u0130l Ba\u015fkan Vekili Bar\u0131\u015f \u00d6zdemir, milletvekilleri, siyasi partilerin temsilcileri, konsoloslar, b\u00fcy\u00fckel\u00e7iler, il\u00e7e belediye ba\u015fkanlar\u0131, odalar, birlikler, dernekler ile sivil toplum kurulu\u015flar\u0131n\u0131n ba\u015fkanlar\u0131 ve temsilcileri, \u0130zmir B\u00fcy\u00fck\u015fehir Belediyesi b\u00fcrokratlar\u0131, meclis \u00fcyeleri, bas\u0131n temsilcileri ve vatanda\u015flar kat\u0131ld\u0131.<br \/><\/p>\n","protected":false},"excerpt":{"rendered":"<p>Cumhuriyet\u2019in ilk y\u0131llar\u0131ndan bu yana aral\u0131ks\u0131z ger\u00e7ekle\u015ftirilen \u0130zmir Enternasyonal Fuar\u0131, 94. kez kap\u0131lar\u0131n\u0131 ziyaret\u00e7ilere a\u00e7t\u0131. T\u00fcrkiye\u2019nin en k\u00f6kl\u00fc fuarlar\u0131ndan biri olan \u0130zmir Enternasyonal Fuar\u0131, d\u00fczenlenen t\u00f6renle 94. kez kap\u0131lar\u0131n\u0131 a\u00e7t\u0131. Farkl\u0131 sekt\u00f6rleri bir araya getiren \u00fclkenin ilk genel ticaret fuar\u0131 olan \u0130zmir Enternasyonal Fuar\u0131, bu y\u0131l da d\u00fcnyadaki yenilikleri ve geli\u015fmeleri T\u00fcrkiye ile bulu\u015fturmay\u0131 hedefliyor&#8230;.<\/p>\n","protected":false},"author":1,"featured_media":52140,"comment_status":"open","ping_status":"open","sticky":false,"template":"","format":"standard","meta":{"_crdt_document":"","footnotes":""},"categories":[1],"tags":[],"class_list":["post-52139","post","type-post","status-publish","format-standard","has-post-thumbnail","hentry","category-guncel"],"_links":{"self":[{"href":"https:\/\/www.egemtv.com\/index.php?rest_route=\/wp\/v2\/posts\/52139","targetHints":{"allow":["GET"]}}],"collection":[{"href":"https:\/\/www.egemtv.com\/index.php?rest_route=\/wp\/v2\/posts"}],"about":[{"href":"https:\/\/www.egemtv.com\/index.php?rest_route=\/wp\/v2\/types\/post"}],"author":[{"embeddable":true,"href":"https:\/\/www.egemtv.com\/index.php?rest_route=\/wp\/v2\/users\/1"}],"replies":[{"embeddable":true,"href":"https:\/\/www.egemtv.com\/index.php?rest_route=%2Fwp%2Fv2%2Fcomments&post=52139"}],"version-history":[{"count":1,"href":"https:\/\/www.egemtv.com\/index.php?rest_route=\/wp\/v2\/posts\/52139\/revisions"}],"predecessor-version":[{"id":52141,"href":"https:\/\/www.egemtv.com\/index.php?rest_route=\/wp\/v2\/posts\/52139\/revisions\/52141"}],"wp:featuredmedia":[{"embeddable":true,"href":"https:\/\/www.egemtv.com\/index.php?rest_route=\/wp\/v2\/media\/52140"}],"wp:attachment":[{"href":"https:\/\/www.egemtv.com\/index.php?rest_route=%2Fwp%2Fv2%2Fmedia&parent=52139"}],"wp:term":[{"taxonomy":"category","embeddable":true,"href":"https:\/\/www.egemtv.com\/index.php?rest_route=%2Fwp%2Fv2%2Fcategories&post=52139"},{"taxonomy":"post_tag","embeddable":true,"href":"https:\/\/www.egemtv.com\/index.php?rest_route=%2Fwp%2Fv2%2Ftags&post=52139"}],"curies":[{"name":"wp","href":"https:\/\/api.w.org\/{rel}","templated":true}]}}