{"id":52136,"date":"2025-08-30T00:14:49","date_gmt":"2025-08-29T21:14:49","guid":{"rendered":"https:\/\/www.egemtv.com\/?p=52136"},"modified":"2025-08-30T00:14:50","modified_gmt":"2025-08-29T21:14:50","slug":"otomobille-midibusun-carpistigi-kazada-10-kisi-yaralandi","status":"publish","type":"post","link":"https:\/\/www.egemtv.com\/?p=52136","title":{"rendered":"Otomobille midib\u00fcs\u00fcn \u00e7arp\u0131\u015ft\u0131\u011f\u0131 kazada 10 ki\u015fi yaraland\u0131"},"content":{"rendered":"<p>Afyonkarahisar\u2019da otomobil ile midib\u00fcs\u00fcn \u00e7arp\u0131\u015fmas\u0131 sonucu meydana gelen trafik kazas\u0131nda 10 ki\u015fi yaraland\u0131.<br \/>\n<br \/>Kaza, \u0130hsaniye il\u00e7esine ba\u011fl\u0131 Gazl\u0131g\u00f6l beldesi \u00e7\u0131k\u0131\u015f\u0131nda meydana geldi. Edinilen bilgilere g\u00f6re, 03 ABS 240 plakal\u0131 midib\u00fcse hen\u00fcz belirlenemeyen bir sebepten \u00f6t\u00fcr\u00fc 03 ABZ 983 plakal\u0131 otomobil \u00e7arpt\u0131. \u00c7arp\u0131\u015fma sonucu kontrolden \u00e7\u0131kan minib\u00fcs yol kenar\u0131ndaki ref\u00fcje devrildi. Kazan\u0131n ard\u0131ndan \u00e7evredekilerin haber vermesi \u00fczerine b\u00f6lgeye \u00e7ok say\u0131da jandarma ve Sa\u011fl\u0131k ekibi sevk edildi. \u0130hbar \u00fczerine olay yerine gelen ekipler yaral\u0131lar\u0131 ambulanslarla hastanelere kald\u0131rd\u0131. 10 ki\u015finin yaraland\u0131\u011f\u0131 kazada 3 ki\u015finin durumunun ciddiyetini korudu\u011fu \u00f6\u011frenildi.<br \/>\n<br \/>Kazan\u0131n ard\u0131ndan jandarma taraf\u0131ndan ba\u015flat\u0131lan incelemenin s\u00fcrd\u00fc\u011f\u00fc bildirildi.<br \/><\/p>\n","protected":false},"excerpt":{"rendered":"<p>Afyonkarahisar\u2019da otomobil ile midib\u00fcs\u00fcn \u00e7arp\u0131\u015fmas\u0131 sonucu meydana gelen trafik kazas\u0131nda 10 ki\u015fi yaraland\u0131. Kaza, \u0130hsaniye il\u00e7esine ba\u011fl\u0131 Gazl\u0131g\u00f6l beldesi \u00e7\u0131k\u0131\u015f\u0131nda meydana geldi. Edinilen bilgilere g\u00f6re, 03 ABS 240 plakal\u0131 midib\u00fcse hen\u00fcz belirlenemeyen bir sebepten \u00f6t\u00fcr\u00fc 03 ABZ 983 plakal\u0131 otomobil \u00e7arpt\u0131. \u00c7arp\u0131\u015fma sonucu kontrolden \u00e7\u0131kan minib\u00fcs yol kenar\u0131ndaki ref\u00fcje devrildi. Kazan\u0131n ard\u0131ndan \u00e7evredekilerin haber vermesi&#8230;<\/p>\n","protected":false},"author":1,"featured_media":52137,"comment_status":"open","ping_status":"open","sticky":false,"template":"","format":"standard","meta":{"_crdt_document":"","footnotes":""},"categories":[5],"tags":[],"class_list":["post-52136","post","type-post","status-publish","format-standard","has-post-thumbnail","hentry","category-asayis"],"_links":{"self":[{"href":"https:\/\/www.egemtv.com\/index.php?rest_route=\/wp\/v2\/posts\/52136","targetHints":{"allow":["GET"]}}],"collection":[{"href":"https:\/\/www.egemtv.com\/index.php?rest_route=\/wp\/v2\/posts"}],"about":[{"href":"https:\/\/www.egemtv.com\/index.php?rest_route=\/wp\/v2\/types\/post"}],"author":[{"embeddable":true,"href":"https:\/\/www.egemtv.com\/index.php?rest_route=\/wp\/v2\/users\/1"}],"replies":[{"embeddable":true,"href":"https:\/\/www.egemtv.com\/index.php?rest_route=%2Fwp%2Fv2%2Fcomments&post=52136"}],"version-history":[{"count":1,"href":"https:\/\/www.egemtv.com\/index.php?rest_route=\/wp\/v2\/posts\/52136\/revisions"}],"predecessor-version":[{"id":52138,"href":"https:\/\/www.egemtv.com\/index.php?rest_route=\/wp\/v2\/posts\/52136\/revisions\/52138"}],"wp:featuredmedia":[{"embeddable":true,"href":"https:\/\/www.egemtv.com\/index.php?rest_route=\/wp\/v2\/media\/52137"}],"wp:attachment":[{"href":"https:\/\/www.egemtv.com\/index.php?rest_route=%2Fwp%2Fv2%2Fmedia&parent=52136"}],"wp:term":[{"taxonomy":"category","embeddable":true,"href":"https:\/\/www.egemtv.com\/index.php?rest_route=%2Fwp%2Fv2%2Fcategories&post=52136"},{"taxonomy":"post_tag","embeddable":true,"href":"https:\/\/www.egemtv.com\/index.php?rest_route=%2Fwp%2Fv2%2Ftags&post=52136"}],"curies":[{"name":"wp","href":"https:\/\/api.w.org\/{rel}","templated":true}]}}