{"id":52133,"date":"2025-08-29T23:56:55","date_gmt":"2025-08-29T20:56:55","guid":{"rendered":"https:\/\/www.egemtv.com\/?p=52133"},"modified":"2025-08-29T23:56:55","modified_gmt":"2025-08-29T20:56:55","slug":"trendyol-super-lig-goztepe-1-konyaspor-1-mac-sonucu","status":"publish","type":"post","link":"https:\/\/www.egemtv.com\/?p=52133","title":{"rendered":"Trendyol S\u00fcper Lig: G\u00f6ztepe: 1 &#8211; Konyaspor: 1 (Ma\u00e7 sonucu)"},"content":{"rendered":"<p>Trendyol S\u00fcper Lig\u2019in 4. haftas\u0131nda G\u00f6ztepe, sahas\u0131nda kar\u015f\u0131la\u015ft\u0131\u011f\u0131 Konyaspor ile 1-1 berabere kald\u0131.<\/p>\n<p>Ma\u00e7tan dakikalar (\u0130kinci yar\u0131)<br \/>\n<br \/>49. dakikada G\u00f6ztepe\u2019nin sa\u011f kanattan kulland\u0131\u011f\u0131 kornerde sol \u00e7apraza a\u00e7\u0131lan topu Heliton penalt\u0131 noktas\u0131na \u00e7evirdi, Olaitan\u2019\u0131n sert \u015futunda kaleci Deniz me\u015fin yuvarla\u011f\u0131 son anda kornere \u00e7eldi.<br \/>\n<br \/>50. dakikada G\u00f6ztepe\u2019nin sol kanattan Cherni\u2019yle kulland\u0131\u011f\u0131 kornerde kale alan\u0131 \u00f6n\u00fcne d\u00fc\u015fen topu bombo\u015f durumda kontrol eden Dennis\u2019in \u015futunda me\u015fin yuvarlak a\u011flarla bulu\u015ftu. 1-0<br \/>\n<br \/>59. dakikada sol kanattan Cherni\u2019nin ortas\u0131nda arka direkte Arda Okan\u2019\u0131n indirdi\u011fi topu Olaitan kale alan\u0131na yerden \u00e7evirdi, bombo\u015f durumdaki Janderson\u2019un yak\u0131n mesafeden dokunu\u015funda kaleci Deniz gole izin vermedi.<br \/>\n<br \/>66. dakikada G\u00f6ztepe\u2019nin sa\u011f kanattan geli\u015fen h\u00fccumunda ceza alan\u0131 \u00e7apraz\u0131nda topu kontrol eden Janderson ortaya yerden sert vurdu, kaleci Deniz topu \u00e7eldi. Kale alan\u0131n\u0131n hemen \u00f6n\u00fcnde d\u00f6nen topa Juan vurdu, kaleci Deniz\u2019in kafas\u0131na \u00e7arpan top ceza alan\u0131n\u0131 terk etti.<br \/>\n<br \/>70. dakikada G\u00f6ztepe\u2019de Dennis\u2019in orta yuvarla\u011f\u0131n kendi yar\u0131 alan\u0131na bakan diliminden uzun g\u00f6nderdi\u011fi topu ceza yay\u0131n\u0131n gerisinde g\u00f6\u011fs\u00fcyle \u00f6n\u00fcne alan Juan, sa\u011f \u00e7apraza do\u011fru \u00e7ekip sert vurdu. Soluna uzanan Deniz topu kornere \u00e7eldi.<br \/>\n<br \/>85. dakikada kendi yar\u0131 alan\u0131ndan k\u0131sa paslarla \u00e7\u0131kan Konyaspor\u2019da Ndao\u2019nun pas\u0131nda Tunahan, sa\u011f \u00e7aprazdan ceza sahas\u0131na girerek yapt\u0131\u011f\u0131 vuru\u015fta topu filelere g\u00f6nderdi. 1-1<\/p>\n<p>Stat: G\u00fcrsel Aksel<br \/>\n<br \/>Hakemler: Ali \u015eansalan, S\u00fcleyman \u00d6zay, Bilal G\u00f6len<br \/>\n<br \/>G\u00f6ztepe: Mateusz Lis, Arda Okan Kurtulan (Taha Alt\u0131karde\u015f dk. 90), Heliton, Malcom Bokele, Cherni (\u0130smail K\u00f6yba\u015f\u0131 dk. 90+2), Furkan Bay\u0131r, Rhaldney (Efkan Bekiro\u011flu dk. 81), Malcom Bokele, Anthony Dennis, Junior Olaitan (Novatus Miroshi dk. 60), Juan (Ibrahim Sabra dk. 80), Janderson<br \/>\n<br \/>Yedekler: Ekrem K\u0131l\u0131\u00e7arslan, Ruan, U\u011fur Kaan Y\u0131ld\u0131z, Ahmed Ild\u0131z<br \/>\n<br \/>Teknik Direkt\u00f6r: Stanimir Stoilov<br \/>\n<br \/>Konyaspor: Deniz Erta\u015f, U\u011furcan Yaz\u011f\u0131l\u0131, Guilherme (Jackson Muleka dk. 80), Riechedly Bazoer, Marko Jevtovic, Yhoan Andzouana (Marius Stefanescu dk. 69), Melih \u0130brahimo\u011flu (Morten Bjorlo dk. 78), Enis Bardhi (Tunahan Ta\u015f\u00e7\u0131 dk. 69), Danijel Aleksic (Pedrinho dk. 56), Alassane Ndao, Umut Nayir<br \/>\n<br \/>Yedekler: Bahad\u0131r G\u00fcng\u00f6rd\u00fc, Yasir Suba\u015f\u0131, Josip Calusic, Melih Bostan<br \/>\n<br \/>Teknik Direkt\u00f6r: Recep U\u00e7ar<br \/>\n<br \/>Goller: Dennis (dk. 50) (G\u00f6ztepe), Tunahan Ta\u015f\u00e7\u0131 (dk. 85) (Konyaspor)<br \/>\n<br \/>Sar\u0131 kartlar: Furkan Bay\u0131r, Arda Okan (G\u00f6ztepe), Tunahan Ta\u015f\u00e7\u0131, Riechedly Bazoer (Konyaspor)<br \/><\/p>\n","protected":false},"excerpt":{"rendered":"<p>Trendyol S\u00fcper Lig\u2019in 4. haftas\u0131nda G\u00f6ztepe, sahas\u0131nda kar\u015f\u0131la\u015ft\u0131\u011f\u0131 Konyaspor ile 1-1 berabere kald\u0131. Ma\u00e7tan dakikalar (\u0130kinci yar\u0131) 49. dakikada G\u00f6ztepe\u2019nin sa\u011f kanattan kulland\u0131\u011f\u0131 kornerde sol \u00e7apraza a\u00e7\u0131lan topu Heliton penalt\u0131 noktas\u0131na \u00e7evirdi, Olaitan\u2019\u0131n sert \u015futunda kaleci Deniz me\u015fin yuvarla\u011f\u0131 son anda kornere \u00e7eldi. 50. dakikada G\u00f6ztepe\u2019nin sol kanattan Cherni\u2019yle kulland\u0131\u011f\u0131 kornerde kale alan\u0131 \u00f6n\u00fcne d\u00fc\u015fen&#8230;<\/p>\n","protected":false},"author":1,"featured_media":52134,"comment_status":"open","ping_status":"open","sticky":false,"template":"","format":"standard","meta":{"_crdt_document":"","footnotes":""},"categories":[4],"tags":[],"class_list":["post-52133","post","type-post","status-publish","format-standard","has-post-thumbnail","hentry","category-spor"],"_links":{"self":[{"href":"https:\/\/www.egemtv.com\/index.php?rest_route=\/wp\/v2\/posts\/52133","targetHints":{"allow":["GET"]}}],"collection":[{"href":"https:\/\/www.egemtv.com\/index.php?rest_route=\/wp\/v2\/posts"}],"about":[{"href":"https:\/\/www.egemtv.com\/index.php?rest_route=\/wp\/v2\/types\/post"}],"author":[{"embeddable":true,"href":"https:\/\/www.egemtv.com\/index.php?rest_route=\/wp\/v2\/users\/1"}],"replies":[{"embeddable":true,"href":"https:\/\/www.egemtv.com\/index.php?rest_route=%2Fwp%2Fv2%2Fcomments&post=52133"}],"version-history":[{"count":1,"href":"https:\/\/www.egemtv.com\/index.php?rest_route=\/wp\/v2\/posts\/52133\/revisions"}],"predecessor-version":[{"id":52135,"href":"https:\/\/www.egemtv.com\/index.php?rest_route=\/wp\/v2\/posts\/52133\/revisions\/52135"}],"wp:featuredmedia":[{"embeddable":true,"href":"https:\/\/www.egemtv.com\/index.php?rest_route=\/wp\/v2\/media\/52134"}],"wp:attachment":[{"href":"https:\/\/www.egemtv.com\/index.php?rest_route=%2Fwp%2Fv2%2Fmedia&parent=52133"}],"wp:term":[{"taxonomy":"category","embeddable":true,"href":"https:\/\/www.egemtv.com\/index.php?rest_route=%2Fwp%2Fv2%2Fcategories&post=52133"},{"taxonomy":"post_tag","embeddable":true,"href":"https:\/\/www.egemtv.com\/index.php?rest_route=%2Fwp%2Fv2%2Ftags&post=52133"}],"curies":[{"name":"wp","href":"https:\/\/api.w.org\/{rel}","templated":true}]}}