{"id":52130,"date":"2025-08-29T22:56:35","date_gmt":"2025-08-29T19:56:35","guid":{"rendered":"https:\/\/www.egemtv.com\/?p=52130"},"modified":"2025-08-29T22:56:36","modified_gmt":"2025-08-29T19:56:36","slug":"trendyol-super-lig-goztepe-0-konyaspor-0-ilk-yari","status":"publish","type":"post","link":"https:\/\/www.egemtv.com\/?p=52130","title":{"rendered":"Trendyol S\u00fcper Lig: G\u00f6ztepe: 0 &#8211; Konyaspor: 0 (\u0130lk yar\u0131)"},"content":{"rendered":"<p>Trendyol S\u00fcper Lig\u2019in 4. haftas\u0131nda G\u00f6ztepe, sahas\u0131nda Konyaspor ile kar\u015f\u0131 kar\u015f\u0131ya geliyor. M\u00fcsabakan\u0131n ilk yar\u0131s\u0131 gols\u00fcz berabere tamamland\u0131.<\/p>\n<p>Ma\u00e7tan dakikalar (\u0130lk yar\u0131)<br \/>\n<br \/>16. dakikada Konyaspor\u2019un Bardhi\u2019yle sa\u011f kanattan kulland\u0131\u011f\u0131 kornerde uzak tarafa a\u00e7\u0131lan topu Guilherme penalt\u0131 noktas\u0131na \u00e7evirdi. O noktadan Bazoer\u2019in geli\u015fine yerden vuru\u015funda top dire\u011fin yan\u0131ndan d\u0131\u015far\u0131 \u00e7\u0131kt\u0131.<br \/>\n<br \/>24. dakikada G\u00f6ztepe ata\u011f\u0131nda sa\u011f kanattan Arda Okan\u2019\u0131n ceza alan\u0131na doldurdu\u011fu topu Bazoer \u0131skalad\u0131. Devam\u0131nda Jevtovic\u2019in uzakla\u015ft\u0131rmak istedi\u011fi top ceza yay\u0131 \u00fczerinde bo\u015f kalan Olaitan\u2019\u0131n \u00f6n\u00fcne d\u00fc\u015ft\u00fc. Onun geli\u015fine bekletmeden vuru\u015funda savunmadan da seken top dire\u011fin dibinden d\u0131\u015far\u0131 \u00e7\u0131kt\u0131.<br \/>\n<br \/>31. dakikada Konyaspor\u2019da savunmadan at\u0131lan uzun pas\u0131 ceza alan\u0131nda Umut Nayir indirdi. Sol \u00e7apraza a\u00e7\u0131lan topu i\u00e7eri \u00e7eviren Umut\u2019un pas\u0131nda Aleksic bekletmeden sert vurdu, kaleci Lis \u00fczerine gelen topu g\u00fc\u00e7l\u00fckle \u00e7eldi.<br \/>\n<br \/>33. dakikada G\u00f6ztepe\u2019nin sol kanattan Cherni\u2019yle kulland\u0131\u011f\u0131 kornerde penalt\u0131 noktas\u0131na hareketlenen Heliton\u2019un kafa vuru\u015funda top \u00fcstten d\u0131\u015far\u0131 \u00e7\u0131kt\u0131.<br \/>\n<br \/>40. dakikada G\u00f6ztepe\u2019nin rakip yar\u0131 alandaki etkili pasla\u015fmalar\u0131 sonras\u0131 ceza yay\u0131n\u0131n solunda topu alan Juan \u00f6n\u00fcn\u00fc bo\u015falt\u0131p uzak k\u00f6\u015feye \u00e7ok sert vurdu, kaleci Deniz me\u015fin yuvarla\u011f\u0131 g\u00fc\u00e7l\u00fckle \u00e7eldi.<\/p>\n<p>Stat: G\u00fcrsel Aksel<br \/>\n<br \/>Hakemler: Ali \u015eansalan, S\u00fcleyman \u00d6zay, Bilal G\u00f6len<br \/>\n<br \/>G\u00f6ztepe: Mateusz Lis, Arda Okan Kurtulan, Heliton, Malcom Bokele, Cherni, Furkan Bay\u0131r, Rhaldney, Malcom Bokele, Anthony Dennis, Junior Olaitan, Juan, Janderson<br \/>\n<br \/>Yedekler: Ekrem K\u0131l\u0131\u00e7arslan, Taha Alt\u0131karde\u015f, \u0130smail K\u00f6yba\u015f\u0131, Ruan, U\u011fur Kaan Y\u0131ld\u0131z, Ahmed Ild\u0131z, Efkan Bekiro\u011flu, Novatus Miroshi, Ibrahim Sabra<br \/>\n<br \/>Teknik Direkt\u00f6r: Stanimir Stoilov<br \/>\n<br \/>Konyaspor: Deniz Erta\u015f, U\u011furcan Yaz\u011f\u0131l\u0131, Guilherme, Riechedly Bazoer, Marko Jevtovic, Yhoan Andzouana, Melih \u0130brahimo\u011flu, Enis Bardhi, Danijel Aleksic, Alassane Ndao, Umut Nayir<br \/>\n<br \/>Yedekler: Bahad\u0131r G\u00fcng\u00f6rd\u00fc, Yasir Suba\u015f\u0131, Josip Calusic, Pedrinho, Morten Bjorlo, Tunahan Ta\u015f\u00e7\u0131, Marius Stefanescu, Melih Bostan, Jackson Muleka<br \/>\n<br \/>Teknik Direkt\u00f6r: Recep U\u00e7ar<br \/>\n<br \/>Sar\u0131 kart: Furkan Bay\u0131r<br \/><\/p>\n","protected":false},"excerpt":{"rendered":"<p>Trendyol S\u00fcper Lig\u2019in 4. haftas\u0131nda G\u00f6ztepe, sahas\u0131nda Konyaspor ile kar\u015f\u0131 kar\u015f\u0131ya geliyor. M\u00fcsabakan\u0131n ilk yar\u0131s\u0131 gols\u00fcz berabere tamamland\u0131. Ma\u00e7tan dakikalar (\u0130lk yar\u0131) 16. dakikada Konyaspor\u2019un Bardhi\u2019yle sa\u011f kanattan kulland\u0131\u011f\u0131 kornerde uzak tarafa a\u00e7\u0131lan topu Guilherme penalt\u0131 noktas\u0131na \u00e7evirdi. O noktadan Bazoer\u2019in geli\u015fine yerden vuru\u015funda top dire\u011fin yan\u0131ndan d\u0131\u015far\u0131 \u00e7\u0131kt\u0131. 24. dakikada G\u00f6ztepe ata\u011f\u0131nda sa\u011f kanattan&#8230;<\/p>\n","protected":false},"author":1,"featured_media":52131,"comment_status":"open","ping_status":"open","sticky":false,"template":"","format":"standard","meta":{"_crdt_document":"","footnotes":""},"categories":[4],"tags":[],"class_list":["post-52130","post","type-post","status-publish","format-standard","has-post-thumbnail","hentry","category-spor"],"_links":{"self":[{"href":"https:\/\/www.egemtv.com\/index.php?rest_route=\/wp\/v2\/posts\/52130","targetHints":{"allow":["GET"]}}],"collection":[{"href":"https:\/\/www.egemtv.com\/index.php?rest_route=\/wp\/v2\/posts"}],"about":[{"href":"https:\/\/www.egemtv.com\/index.php?rest_route=\/wp\/v2\/types\/post"}],"author":[{"embeddable":true,"href":"https:\/\/www.egemtv.com\/index.php?rest_route=\/wp\/v2\/users\/1"}],"replies":[{"embeddable":true,"href":"https:\/\/www.egemtv.com\/index.php?rest_route=%2Fwp%2Fv2%2Fcomments&post=52130"}],"version-history":[{"count":1,"href":"https:\/\/www.egemtv.com\/index.php?rest_route=\/wp\/v2\/posts\/52130\/revisions"}],"predecessor-version":[{"id":52132,"href":"https:\/\/www.egemtv.com\/index.php?rest_route=\/wp\/v2\/posts\/52130\/revisions\/52132"}],"wp:featuredmedia":[{"embeddable":true,"href":"https:\/\/www.egemtv.com\/index.php?rest_route=\/wp\/v2\/media\/52131"}],"wp:attachment":[{"href":"https:\/\/www.egemtv.com\/index.php?rest_route=%2Fwp%2Fv2%2Fmedia&parent=52130"}],"wp:term":[{"taxonomy":"category","embeddable":true,"href":"https:\/\/www.egemtv.com\/index.php?rest_route=%2Fwp%2Fv2%2Fcategories&post=52130"},{"taxonomy":"post_tag","embeddable":true,"href":"https:\/\/www.egemtv.com\/index.php?rest_route=%2Fwp%2Fv2%2Ftags&post=52130"}],"curies":[{"name":"wp","href":"https:\/\/api.w.org\/{rel}","templated":true}]}}