{"id":52127,"date":"2025-08-29T22:34:45","date_gmt":"2025-08-29T19:34:45","guid":{"rendered":"https:\/\/www.egemtv.com\/?p=52127"},"modified":"2025-08-29T22:34:46","modified_gmt":"2025-08-29T19:34:46","slug":"muglada-6-arac-birbirine-girdi","status":"publish","type":"post","link":"https:\/\/www.egemtv.com\/?p=52127","title":{"rendered":"Mu\u011fla\u2019da 6 ara\u00e7 birbirine girdi"},"content":{"rendered":"<p>Mu\u011fla\u2019da Sakar Ge\u00e7idi\u2019nde tekerinin patlamas\u0131yla sa\u011f \u015feritte duran otomobil, zincirleme kazaya neden oldu. 6 arac\u0131n kar\u0131\u015ft\u0131\u011f\u0131 kazada trafik kilitlendi.<\/p>\n<p>Mu\u011fla Sakar Ge\u00e7idi\u2019nde zincirleme trafik kazas\u0131 meydana geldi. Edinilen bilgiye g\u00f6re, 48 AHY 720 plakal\u0131 arac\u0131n tekeri patlad\u0131. S\u00fcr\u00fcc\u00fc, arac\u0131 yol kenar\u0131na \u00e7ekerek ikaz \u0131\u015f\u0131klar\u0131n\u0131 yakt\u0131. Bu s\u0131rada arkadan gelen bir arac\u0131n \u00e7arpmas\u0131yla ba\u015flayan kazada 45 ZB 8188, 48 DP 740, 64 AEP 162, 16 J 0667 ve 48 EM 969 plakal\u0131 ara\u00e7lar da birbirine girdi.<br \/>\n<br \/>Kazan\u0131n ard\u0131ndan b\u00f6lgeye 112 ekipleri sevk edildi. Olay nedeniyle b\u00f6lgede uzun ara\u00e7 kuyruklar\u0131 olu\u015furken, s\u00fcr\u00fcc\u00fcler aras\u0131nda k\u0131sa s\u00fcreli gerginlik ya\u015fand\u0131.<br \/>\n<br \/>Trafik polisleri taraf\u0131ndan trafik ak\u0131\u015f\u0131 kontroll\u00fc \u015fekilde sa\u011flanmaya devam ederken ara\u00e7lar \u00e7ekici yard\u0131m\u0131 ile kald\u0131r\u0131ld\u0131.<br \/><\/p>\n","protected":false},"excerpt":{"rendered":"<p>Mu\u011fla\u2019da Sakar Ge\u00e7idi\u2019nde tekerinin patlamas\u0131yla sa\u011f \u015feritte duran otomobil, zincirleme kazaya neden oldu. 6 arac\u0131n kar\u0131\u015ft\u0131\u011f\u0131 kazada trafik kilitlendi. Mu\u011fla Sakar Ge\u00e7idi\u2019nde zincirleme trafik kazas\u0131 meydana geldi. Edinilen bilgiye g\u00f6re, 48 AHY 720 plakal\u0131 arac\u0131n tekeri patlad\u0131. S\u00fcr\u00fcc\u00fc, arac\u0131 yol kenar\u0131na \u00e7ekerek ikaz \u0131\u015f\u0131klar\u0131n\u0131 yakt\u0131. Bu s\u0131rada arkadan gelen bir arac\u0131n \u00e7arpmas\u0131yla ba\u015flayan kazada 45&#8230;<\/p>\n","protected":false},"author":1,"featured_media":52128,"comment_status":"open","ping_status":"open","sticky":false,"template":"","format":"standard","meta":{"_crdt_document":"","footnotes":""},"categories":[5],"tags":[],"class_list":["post-52127","post","type-post","status-publish","format-standard","has-post-thumbnail","hentry","category-asayis"],"_links":{"self":[{"href":"https:\/\/www.egemtv.com\/index.php?rest_route=\/wp\/v2\/posts\/52127","targetHints":{"allow":["GET"]}}],"collection":[{"href":"https:\/\/www.egemtv.com\/index.php?rest_route=\/wp\/v2\/posts"}],"about":[{"href":"https:\/\/www.egemtv.com\/index.php?rest_route=\/wp\/v2\/types\/post"}],"author":[{"embeddable":true,"href":"https:\/\/www.egemtv.com\/index.php?rest_route=\/wp\/v2\/users\/1"}],"replies":[{"embeddable":true,"href":"https:\/\/www.egemtv.com\/index.php?rest_route=%2Fwp%2Fv2%2Fcomments&post=52127"}],"version-history":[{"count":1,"href":"https:\/\/www.egemtv.com\/index.php?rest_route=\/wp\/v2\/posts\/52127\/revisions"}],"predecessor-version":[{"id":52129,"href":"https:\/\/www.egemtv.com\/index.php?rest_route=\/wp\/v2\/posts\/52127\/revisions\/52129"}],"wp:featuredmedia":[{"embeddable":true,"href":"https:\/\/www.egemtv.com\/index.php?rest_route=\/wp\/v2\/media\/52128"}],"wp:attachment":[{"href":"https:\/\/www.egemtv.com\/index.php?rest_route=%2Fwp%2Fv2%2Fmedia&parent=52127"}],"wp:term":[{"taxonomy":"category","embeddable":true,"href":"https:\/\/www.egemtv.com\/index.php?rest_route=%2Fwp%2Fv2%2Fcategories&post=52127"},{"taxonomy":"post_tag","embeddable":true,"href":"https:\/\/www.egemtv.com\/index.php?rest_route=%2Fwp%2Fv2%2Ftags&post=52127"}],"curies":[{"name":"wp","href":"https:\/\/api.w.org\/{rel}","templated":true}]}}