{"id":52124,"date":"2025-08-29T22:34:43","date_gmt":"2025-08-29T19:34:43","guid":{"rendered":"https:\/\/www.egemtv.com\/?p=52124"},"modified":"2025-08-29T22:34:45","modified_gmt":"2025-08-29T19:34:45","slug":"buldanda-baslayan-orman-yangini-icin-ekipler-sondurme-calismalarini-devam-ediyor","status":"publish","type":"post","link":"https:\/\/www.egemtv.com\/?p=52124","title":{"rendered":"Buldan\u2019da ba\u015flayan orman yang\u0131n\u0131 i\u00e7in ekipler s\u00f6nd\u00fcrme \u00e7al\u0131\u015fmalar\u0131n\u0131 devam ediyor"},"content":{"rendered":"<p>Denizli\u2019nin Buldan il\u00e7esinde \u00f6\u011fle saatlerinde ba\u015flayan yang\u0131n Ayd\u0131n\u2019\u0131n Buharkent il\u00e7esine s\u0131\u00e7rad\u0131\u011f\u0131 ve yang\u0131n\u0131 s\u00f6nd\u00fcrmek i\u00e7in \u00e7al\u0131\u015fmalar\u0131n devam etti\u011fi \u00f6\u011frenildi.<\/p>\n<p>Denizli\u2019nin Buldan il\u00e7esi \u00c7atak Mahallesi\u2019nde bug\u00fcn \u00f6\u011fle saatlerinde yeniden ba\u015flayan yang\u0131n s\u00fcr\u00fcyor. Zor \u015fartlarda g\u00f6rev yapan yang\u0131n s\u00f6nd\u00fcrme ekipleri, sarp arazide yang\u0131n\u0131 s\u00f6nd\u00fcrmek i\u00e7in \u00e7al\u0131\u015fmalar\u0131n\u0131 devam ediyor. Yang\u0131n\u0131n Buldan il\u00e7esi \u00c7atak Mahallesi\u2019nde etkisini yitirdi\u011fini ancak Ayd\u0131n\u2019\u0131n Buharkent il\u00e7esi K\u0131z\u0131ldere b\u00f6lgesine s\u0131\u00e7rad\u0131\u011f\u0131 ve \u015fiddetinin devam etti\u011fi \u00f6\u011frenildi.<\/p>\n<p>Ayr\u0131ca r\u00fczgar\u0131n ters esmas\u0131 durumunda Buldan il\u00e7esi Bostanyeri ve Ar\u0131klar istikametine y\u00f6nelebilece\u011fi ihtimallerinin oldu\u011fu belirtildi.<br \/><\/p>\n","protected":false},"excerpt":{"rendered":"<p>Denizli\u2019nin Buldan il\u00e7esinde \u00f6\u011fle saatlerinde ba\u015flayan yang\u0131n Ayd\u0131n\u2019\u0131n Buharkent il\u00e7esine s\u0131\u00e7rad\u0131\u011f\u0131 ve yang\u0131n\u0131 s\u00f6nd\u00fcrmek i\u00e7in \u00e7al\u0131\u015fmalar\u0131n devam etti\u011fi \u00f6\u011frenildi. Denizli\u2019nin Buldan il\u00e7esi \u00c7atak Mahallesi\u2019nde bug\u00fcn \u00f6\u011fle saatlerinde yeniden ba\u015flayan yang\u0131n s\u00fcr\u00fcyor. Zor \u015fartlarda g\u00f6rev yapan yang\u0131n s\u00f6nd\u00fcrme ekipleri, sarp arazide yang\u0131n\u0131 s\u00f6nd\u00fcrmek i\u00e7in \u00e7al\u0131\u015fmalar\u0131n\u0131 devam ediyor. Yang\u0131n\u0131n Buldan il\u00e7esi \u00c7atak Mahallesi\u2019nde etkisini yitirdi\u011fini ancak Ayd\u0131n\u2019\u0131n&#8230;<\/p>\n","protected":false},"author":1,"featured_media":52125,"comment_status":"open","ping_status":"open","sticky":false,"template":"","format":"standard","meta":{"_crdt_document":"","footnotes":""},"categories":[5],"tags":[],"class_list":["post-52124","post","type-post","status-publish","format-standard","has-post-thumbnail","hentry","category-asayis"],"_links":{"self":[{"href":"https:\/\/www.egemtv.com\/index.php?rest_route=\/wp\/v2\/posts\/52124","targetHints":{"allow":["GET"]}}],"collection":[{"href":"https:\/\/www.egemtv.com\/index.php?rest_route=\/wp\/v2\/posts"}],"about":[{"href":"https:\/\/www.egemtv.com\/index.php?rest_route=\/wp\/v2\/types\/post"}],"author":[{"embeddable":true,"href":"https:\/\/www.egemtv.com\/index.php?rest_route=\/wp\/v2\/users\/1"}],"replies":[{"embeddable":true,"href":"https:\/\/www.egemtv.com\/index.php?rest_route=%2Fwp%2Fv2%2Fcomments&post=52124"}],"version-history":[{"count":1,"href":"https:\/\/www.egemtv.com\/index.php?rest_route=\/wp\/v2\/posts\/52124\/revisions"}],"predecessor-version":[{"id":52126,"href":"https:\/\/www.egemtv.com\/index.php?rest_route=\/wp\/v2\/posts\/52124\/revisions\/52126"}],"wp:featuredmedia":[{"embeddable":true,"href":"https:\/\/www.egemtv.com\/index.php?rest_route=\/wp\/v2\/media\/52125"}],"wp:attachment":[{"href":"https:\/\/www.egemtv.com\/index.php?rest_route=%2Fwp%2Fv2%2Fmedia&parent=52124"}],"wp:term":[{"taxonomy":"category","embeddable":true,"href":"https:\/\/www.egemtv.com\/index.php?rest_route=%2Fwp%2Fv2%2Fcategories&post=52124"},{"taxonomy":"post_tag","embeddable":true,"href":"https:\/\/www.egemtv.com\/index.php?rest_route=%2Fwp%2Fv2%2Ftags&post=52124"}],"curies":[{"name":"wp","href":"https:\/\/api.w.org\/{rel}","templated":true}]}}