{"id":52121,"date":"2025-08-29T22:34:42","date_gmt":"2025-08-29T19:34:42","guid":{"rendered":"https:\/\/www.egemtv.com\/?p=52121"},"modified":"2025-08-29T22:34:43","modified_gmt":"2025-08-29T19:34:43","slug":"vali-akbiyik-yarali-pilotu-ziyaret-etti","status":"publish","type":"post","link":"https:\/\/www.egemtv.com\/?p=52121","title":{"rendered":"Vali Akb\u0131y\u0131k yaral\u0131 pilotu ziyaret etti"},"content":{"rendered":"<p>Mu\u011fla Valisi \u0130dris Akb\u0131y\u0131k, Denizli\u2019nin Buldan il\u00e7esindeki orman yang\u0131n\u0131ndan d\u00f6nerken teknik bir ar\u0131za nedeniyle Mu\u011fla\u2019n\u0131n Yata\u011fan il\u00e7esine acil ini\u015f yapan u\u00e7a\u011f\u0131n pilotunu hastanede ziyaret etti. Vali Akb\u0131y\u0131k, &#8220;Allah\u2019a \u015f\u00fck\u00fcr pilotumuzda hi\u00e7bir s\u0131k\u0131nt\u0131 yok. Bir s\u00fcre hastanemizde m\u00fc\u015fahede alt\u0131nda tutulacak&#8221; dedi.<br \/>\n<br \/>Orman Genel M\u00fcd\u00fcrl\u00fc\u011f\u00fc\u2019ne ait yang\u0131n s\u00f6nd\u00fcrme u\u00e7a\u011f\u0131, saat 19.30 s\u0131ralar\u0131nda meydana gelen teknik ar\u0131za nedeniyle Yata\u011fan il\u00e7esi Hac\u0131bayramlar Mahallesi Sepet\u00e7i mevkiinde bo\u015f araziye acil ini\u015f yapt\u0131. Yap\u0131lan ihbar \u00fczerine b\u00f6lgeye arama ve kurtarma ekipleri sevk edildi. Kazadan yaral\u0131 olarak kurtulan pilot Hasan Bahar, ambulansla Mu\u011fla E\u011fitim ve Ara\u015ft\u0131rma Hastanesi\u2019ne kald\u0131r\u0131ld\u0131. Pilotun hayati tehlikesinin bulunmad\u0131\u011f\u0131 ve bir s\u00fcre hastanede m\u00fc\u015fahede alt\u0131nda tutulaca\u011f\u0131 \u00f6\u011frenildi.<\/p>\n<p>Vali Akb\u0131y\u0131k hastanede tedavi g\u00f6ren pilotu ziyaret etti<br \/>\n<br \/>Mu\u011fla Valisi \u0130dris Akb\u0131y\u0131k hastaneye gelerek, pilotu ziyaret etti. Vali Akb\u0131y\u0131k, hastane \u00e7\u0131k\u0131\u015f\u0131nda bas\u0131n mensuplar\u0131na yapt\u0131\u011f\u0131 a\u00e7\u0131klamada, &#8220;\u00d6ncelikle Orman Genel M\u00fcd\u00fcrl\u00fc\u011f\u00fcm\u00fcze ve pilotumuza ge\u00e7mi\u015f olsun dileklerimizi iletiyoruz. Bug\u00fcn 19.30 civar\u0131 Denizli Buldan il\u00e7emizdeki orman yang\u0131n\u0131na m\u00fcdahaleden d\u00f6nen u\u00e7a\u011f\u0131m\u0131z, teknik bir ar\u0131za nedeniyle Yata\u011fan il\u00e7emize zorunlu ini\u015f yapmak durumunda kald\u0131. Sert bir ini\u015f yapt\u0131. Allah\u2019a \u015f\u00fck\u00fcr pilotumuzda hi\u00e7bir s\u0131k\u0131nt\u0131 yok. Bir s\u00fcre hastanemizde m\u00fc\u015fahede alt\u0131nda tutulacak. Milletimize \u00e7ok ge\u00e7mi\u015f olsun&#8221; dedi.<br \/><\/p>\n","protected":false},"excerpt":{"rendered":"<p>Mu\u011fla Valisi \u0130dris Akb\u0131y\u0131k, Denizli\u2019nin Buldan il\u00e7esindeki orman yang\u0131n\u0131ndan d\u00f6nerken teknik bir ar\u0131za nedeniyle Mu\u011fla\u2019n\u0131n Yata\u011fan il\u00e7esine acil ini\u015f yapan u\u00e7a\u011f\u0131n pilotunu hastanede ziyaret etti. Vali Akb\u0131y\u0131k, &#8220;Allah\u2019a \u015f\u00fck\u00fcr pilotumuzda hi\u00e7bir s\u0131k\u0131nt\u0131 yok. Bir s\u00fcre hastanemizde m\u00fc\u015fahede alt\u0131nda tutulacak&#8221; dedi. Orman Genel M\u00fcd\u00fcrl\u00fc\u011f\u00fc\u2019ne ait yang\u0131n s\u00f6nd\u00fcrme u\u00e7a\u011f\u0131, saat 19.30 s\u0131ralar\u0131nda meydana gelen teknik ar\u0131za nedeniyle&#8230;<\/p>\n","protected":false},"author":1,"featured_media":52122,"comment_status":"open","ping_status":"open","sticky":false,"template":"","format":"standard","meta":{"_crdt_document":"","footnotes":""},"categories":[5],"tags":[],"class_list":["post-52121","post","type-post","status-publish","format-standard","has-post-thumbnail","hentry","category-asayis"],"_links":{"self":[{"href":"https:\/\/www.egemtv.com\/index.php?rest_route=\/wp\/v2\/posts\/52121","targetHints":{"allow":["GET"]}}],"collection":[{"href":"https:\/\/www.egemtv.com\/index.php?rest_route=\/wp\/v2\/posts"}],"about":[{"href":"https:\/\/www.egemtv.com\/index.php?rest_route=\/wp\/v2\/types\/post"}],"author":[{"embeddable":true,"href":"https:\/\/www.egemtv.com\/index.php?rest_route=\/wp\/v2\/users\/1"}],"replies":[{"embeddable":true,"href":"https:\/\/www.egemtv.com\/index.php?rest_route=%2Fwp%2Fv2%2Fcomments&post=52121"}],"version-history":[{"count":1,"href":"https:\/\/www.egemtv.com\/index.php?rest_route=\/wp\/v2\/posts\/52121\/revisions"}],"predecessor-version":[{"id":52123,"href":"https:\/\/www.egemtv.com\/index.php?rest_route=\/wp\/v2\/posts\/52121\/revisions\/52123"}],"wp:featuredmedia":[{"embeddable":true,"href":"https:\/\/www.egemtv.com\/index.php?rest_route=\/wp\/v2\/media\/52122"}],"wp:attachment":[{"href":"https:\/\/www.egemtv.com\/index.php?rest_route=%2Fwp%2Fv2%2Fmedia&parent=52121"}],"wp:term":[{"taxonomy":"category","embeddable":true,"href":"https:\/\/www.egemtv.com\/index.php?rest_route=%2Fwp%2Fv2%2Fcategories&post=52121"},{"taxonomy":"post_tag","embeddable":true,"href":"https:\/\/www.egemtv.com\/index.php?rest_route=%2Fwp%2Fv2%2Ftags&post=52121"}],"curies":[{"name":"wp","href":"https:\/\/api.w.org\/{rel}","templated":true}]}}