{"id":52118,"date":"2025-08-29T21:55:43","date_gmt":"2025-08-29T18:55:43","guid":{"rendered":"https:\/\/www.egemtv.com\/?p=52118"},"modified":"2025-08-29T21:55:43","modified_gmt":"2025-08-29T18:55:43","slug":"36-afrodisias-kultur-sanat-ve-tanitim-festivali-basladi","status":"publish","type":"post","link":"https:\/\/www.egemtv.com\/?p=52118","title":{"rendered":"36. Afrodisias K\u00fclt\u00fcr, Sanat ve Tan\u0131t\u0131m Festivali ba\u015flad\u0131"},"content":{"rendered":"<p>Ayd\u0131n\u2019\u0131n Karacasu il\u00e7esinde bu y\u0131l 36.\u2019s\u0131 d\u00fczenlenen Karacasu Belediyesi 36. Afrodisias K\u00fclt\u00fcr, Sanat ve Tan\u0131t\u0131m Festivali ba\u015flad\u0131. \u0130lk g\u00fcn\u00fcnde renkli g\u00f6r\u00fcnt\u00fclere sahne olan festival 3 g\u00fcn s\u00fcrecek.<br \/>\n<br \/>Karacasu Belediyesi 36. Afrodisias K\u00fclt\u00fcr, Sanat ve Tan\u0131t\u0131m Festivali, ak\u015fam saatlerinde ger\u00e7ekle\u015ftirilen bando e\u015fli\u011findeki kortej y\u00fcr\u00fcy\u00fc\u015f\u00fc ile ba\u015flad\u0131. Karacasu Belediye Ba\u015fkan\u0131 Mustafa B\u00fcy\u00fckyap\u0131c\u0131\u2019n\u0131n ev sahipli\u011finde d\u00fczenlenen festivalin a\u00e7\u0131l\u0131\u015f\u0131na Karacasu Kaymakam\u0131 Mehmet G\u00fcndo\u011fdu, Nazilli Belediye Ba\u015fkan\u0131 Ertu\u011frul Tetik, Bozdo\u011fan Belediye Ba\u015fkan\u0131 Mustafa Galip \u00d6zel, Germencik Belediye Ba\u015fkan\u0131 Burak Zencirci, Ko\u00e7arl\u0131 Belediye Ba\u015fkan\u0131 \u00d6zg\u00fcr Ar\u0131c\u0131, kurum ve daire m\u00fcd\u00fcrleri, davetliler ve y\u00fczlerce vatanda\u015f kat\u0131ld\u0131.<br \/>\n<br \/>Festivalin a\u00e7\u0131l\u0131\u015f\u0131nda konu\u015fan Ba\u015fkan B\u00fcy\u00fckyap\u0131c\u0131, il\u00e7enin tan\u0131t\u0131m\u0131 ad\u0131na festivallerin \u00e7ok \u00f6nemli oldu\u011funu ifade ederek, &#8220;\u0130l\u00e7emizin \u00f6zelliklerini \u00fclke genelinde tan\u0131tarak esnaf\u0131m\u0131za destek olmak amac\u0131yla festivaller d\u00fczenliyoruz. Derinin, demirin, hamurun, \u00e7amurun ve mermerin hayat buldu\u011fu il\u00e7e Karacasu\u2019muzun festivaline ho\u015fgeldiniz&#8221; dedi.<br \/>\n<br \/>Kaymakam G\u00fcndo\u011fdu ise, &#8220;Bug\u00fcn burada yaln\u0131zca bir festivali ba\u015flatm\u0131yoruz. Karacasu\u2019nun sesini, Afrodisias\u2019\u0131n ruhunu, Anadolu\u2019nun \u00f6z\u00fcn\u00fc y\u00fckseltiyoruz. Bug\u00fcn tarih yeniden can buluyor. Bug\u00fcn bereketli ovalar\u0131n, ustalar\u0131n elinden \u00e7\u0131kan \u00e7\u00f6mleklerin, g\u00f6n\u00fclden g\u00f6n\u00fcle akan \u00f6yk\u00fclerimizin sesi Afrodisias\u2019ta yank\u0131lan\u0131yor. \u00c7\u00fcnk\u00fc buras\u0131 Karacasu&#8221; dedi.<br \/>\n<br \/>Konu\u015fmalar\u0131n ard\u0131ndan zeybek g\u00f6sterileri ve bu y\u0131l 13 metre 20 santim uzunlu\u011funa ula\u015fan me\u015fhur Karacasu tahinli pidesi sergilendi. Protokol \u00fcyelerinin rekor uzunluktaki pide ile hat\u0131ra foto\u011fraf\u0131 \u00e7ekilmesinin ard\u0131ndan pide kesilerek halka ikram edildi. K\u0131sa s\u00fcrede t\u00fcketilen pideden tadan vatanda\u015flar, Karacasu\u2019ya da \u00f6vg\u00fcler ya\u011fd\u0131rd\u0131.<br \/><\/p>\n","protected":false},"excerpt":{"rendered":"<p>Ayd\u0131n\u2019\u0131n Karacasu il\u00e7esinde bu y\u0131l 36.\u2019s\u0131 d\u00fczenlenen Karacasu Belediyesi 36. Afrodisias K\u00fclt\u00fcr, Sanat ve Tan\u0131t\u0131m Festivali ba\u015flad\u0131. \u0130lk g\u00fcn\u00fcnde renkli g\u00f6r\u00fcnt\u00fclere sahne olan festival 3 g\u00fcn s\u00fcrecek. Karacasu Belediyesi 36. Afrodisias K\u00fclt\u00fcr, Sanat ve Tan\u0131t\u0131m Festivali, ak\u015fam saatlerinde ger\u00e7ekle\u015ftirilen bando e\u015fli\u011findeki kortej y\u00fcr\u00fcy\u00fc\u015f\u00fc ile ba\u015flad\u0131. Karacasu Belediye Ba\u015fkan\u0131 Mustafa B\u00fcy\u00fckyap\u0131c\u0131\u2019n\u0131n ev sahipli\u011finde d\u00fczenlenen festivalin a\u00e7\u0131l\u0131\u015f\u0131na&#8230;<\/p>\n","protected":false},"author":1,"featured_media":52119,"comment_status":"open","ping_status":"open","sticky":false,"template":"","format":"standard","meta":{"_crdt_document":"","footnotes":""},"categories":[1],"tags":[],"class_list":["post-52118","post","type-post","status-publish","format-standard","has-post-thumbnail","hentry","category-guncel"],"_links":{"self":[{"href":"https:\/\/www.egemtv.com\/index.php?rest_route=\/wp\/v2\/posts\/52118","targetHints":{"allow":["GET"]}}],"collection":[{"href":"https:\/\/www.egemtv.com\/index.php?rest_route=\/wp\/v2\/posts"}],"about":[{"href":"https:\/\/www.egemtv.com\/index.php?rest_route=\/wp\/v2\/types\/post"}],"author":[{"embeddable":true,"href":"https:\/\/www.egemtv.com\/index.php?rest_route=\/wp\/v2\/users\/1"}],"replies":[{"embeddable":true,"href":"https:\/\/www.egemtv.com\/index.php?rest_route=%2Fwp%2Fv2%2Fcomments&post=52118"}],"version-history":[{"count":1,"href":"https:\/\/www.egemtv.com\/index.php?rest_route=\/wp\/v2\/posts\/52118\/revisions"}],"predecessor-version":[{"id":52120,"href":"https:\/\/www.egemtv.com\/index.php?rest_route=\/wp\/v2\/posts\/52118\/revisions\/52120"}],"wp:featuredmedia":[{"embeddable":true,"href":"https:\/\/www.egemtv.com\/index.php?rest_route=\/wp\/v2\/media\/52119"}],"wp:attachment":[{"href":"https:\/\/www.egemtv.com\/index.php?rest_route=%2Fwp%2Fv2%2Fmedia&parent=52118"}],"wp:term":[{"taxonomy":"category","embeddable":true,"href":"https:\/\/www.egemtv.com\/index.php?rest_route=%2Fwp%2Fv2%2Fcategories&post=52118"},{"taxonomy":"post_tag","embeddable":true,"href":"https:\/\/www.egemtv.com\/index.php?rest_route=%2Fwp%2Fv2%2Ftags&post=52118"}],"curies":[{"name":"wp","href":"https:\/\/api.w.org\/{rel}","templated":true}]}}