{"id":52115,"date":"2025-08-29T21:55:42","date_gmt":"2025-08-29T18:55:42","guid":{"rendered":"https:\/\/www.egemtv.com\/?p=52115"},"modified":"2025-08-29T21:55:43","modified_gmt":"2025-08-29T18:55:43","slug":"bakan-yerlikaya-450-bin-169-suriyeli-geri-donus-yapti","status":"publish","type":"post","link":"https:\/\/www.egemtv.com\/?p=52115","title":{"rendered":"Bakan Yerlikaya: &#8220;450 bin 169 Suriyeli geri d\u00f6n\u00fc\u015f yapt\u0131&#8221;"},"content":{"rendered":"<p>\u0130\u00e7i\u015fleri Bakan\u0131 Ali Yerlikaya, &#8220;Bug\u00fcne kadar \u00fclkelerine d\u00f6nen, onurlu ve g\u00fcvenli \u015fekilde geri d\u00f6n\u00fc\u015f yapan Suriyeli karde\u015flerimizin say\u0131s\u0131 450 bin 169 oldu&#8221; dedi.<br \/>\n<br \/>\u0130\u00e7i\u015fleri Bakan\u0131 Ali Yerlikaya, K\u00fctahya\u2019da d\u00fczenlenen G\u00fcvenlik Toplant\u0131s\u0131\u2019na kat\u0131ld\u0131. Yerlikaya, T\u00fcrkiye\u2019nin g\u00f6\u00e7 y\u00f6netimini Cumhurba\u015fkan\u0131 Recep Tayyip Erdo\u011fan\u2019\u0131n liderli\u011finde insani yakla\u015f\u0131m ve rasyonel bir bak\u0131\u015f a\u00e7\u0131s\u0131yla s\u00fcrd\u00fcrd\u00fc\u011f\u00fcn\u00fc belirterek, &#8220;Bug\u00fcne kadar \u00fclkelerine d\u00f6nen, onurlu ve g\u00fcvenli \u015fekilde geri d\u00f6n\u00fc\u015f yapan Suriyeli karde\u015flerimizin say\u0131s\u0131 450 bin 169 oldu&#8221; dedi.<br \/>\n<br \/>Bakan Yerlikaya, 2011 y\u0131l\u0131nda Esad y\u00f6netiminin zulm\u00fcnden ka\u00e7arak T\u00fcrkiye\u2019ye s\u0131\u011f\u0131nan Suriyelilere her zaman sahip \u00e7\u0131k\u0131ld\u0131\u011f\u0131n\u0131 vurgulad\u0131. 8 Aral\u0131k 2024 sonras\u0131 ya\u015fanan geli\u015fmelerin ard\u0131ndan g\u00f6n\u00fcll\u00fc geri d\u00f6n\u00fc\u015f taleplerinin artt\u0131\u011f\u0131n\u0131 kaydeden Yerlikaya, &#8220;T\u00fcrkiye bu s\u00fcre\u00e7te Suriyeli karde\u015flerimizin yan\u0131nda olmaya devam etti, etmeye de devam ediyor&#8221; ifadelerini kulland\u0131.<\/p>\n<p>&#8220;K\u00fctahya\u2019da su\u00e7lar\u0131 ayd\u0131nlatmada y\u00fczde 100 ba\u015far\u0131 sa\u011fland\u0131&#8221;<br \/>\n<br \/>Bakan Yerlikaya, ki\u015filere kar\u015f\u0131 i\u015flenen 10 katalog su\u00e7ta \u00f6nemli ba\u015far\u0131 elde edildi\u011fini belirterek, bu y\u0131l\u0131n ilk 7 ay\u0131nda ge\u00e7en y\u0131l\u0131n ayn\u0131 d\u00f6nemine g\u00f6re olaylarda y\u00fczde 4,5 azalma ya\u015fand\u0131\u011f\u0131n\u0131 s\u00f6yledi. Bakan Ali Yerlikaya, &#8220;Ge\u00e7en y\u0131l 3 bin 29 olan olay say\u0131s\u0131 bu y\u0131l\u0131n ilk 7 ay\u0131nda 2 bin 893\u2019e d\u00fc\u015fm\u00fc\u015ft\u00fcr&#8221; diye konu\u015ftu.<br \/>\n<br \/>K\u00fctahya \u00f6zelinde dikkat \u00e7ekici bir ba\u015far\u0131ya imza at\u0131ld\u0131\u011f\u0131n\u0131 aktaran Yerlikaya, &#8220;Bu \u015fehirde ilk defa su\u00e7lar\u0131 ayd\u0131nlatmada y\u00fczde 100 ba\u015far\u0131 sa\u011flad\u0131k. Ge\u00e7en y\u0131l bu oran y\u00fczde 98\u2019di&#8221; \u015feklinde konu\u015ftu.<br \/>\n<br \/>Mal varl\u0131\u011f\u0131na kar\u015f\u0131 i\u015flenen su\u00e7larda da d\u00fc\u015f\u00fc\u015f ya\u015fand\u0131\u011f\u0131n\u0131 belirten Bakan Yerlikaya, 2024\u2019\u00fcn ilk 7 ay\u0131nda 188 olan olay say\u0131s\u0131n\u0131n bu y\u0131l 161\u2019e geriledi\u011fini, ayd\u0131nlatma oran\u0131n\u0131n T\u00fcrkiye ortalamas\u0131n\u0131n 5 puan \u00fczerine \u00e7\u0131karak y\u00fczde 90,7\u2019ye y\u00fckseldi\u011fini ifade etti. K\u00fctahya\u2019da ilk 7 ayda 56 h\u0131rs\u0131zl\u0131k olay\u0131n\u0131n meydana geldi\u011fini kaydeden Bakan Ali Yerlikaya, &#8220;Bunun 30\u2019u emniyet, 26\u2019s\u0131 jandarma b\u00f6lgesinde ger\u00e7ekle\u015fti. Emniyet b\u00f6lgesindeki 30 olay\u0131n failleri yakaland\u0131, jandarma b\u00f6lgesinde ise 26 su\u00e7lunun 23\u2019\u00fc yakaland\u0131. Kalan \u00fc\u00e7 olay\u0131n failleri i\u00e7in \u00e7al\u0131\u015fmalar s\u00fcr\u00fcyor&#8221; diye konu\u015ftu.<br \/>\n<br \/>Yerlikaya, n\u00fcfusu 571 bin olan K\u00fctahya\u2019da elde edilen bu ba\u015far\u0131lar\u0131n \u00f6nemine dikkat \u00e7ekerek, g\u00fcvenlik g\u00fc\u00e7lerinin \u00e7al\u0131\u015fmalar\u0131n\u0131n kararl\u0131l\u0131kla s\u00fcrece\u011fini vurgulad\u0131.<br \/><\/p>\n","protected":false},"excerpt":{"rendered":"<p>\u0130\u00e7i\u015fleri Bakan\u0131 Ali Yerlikaya, &#8220;Bug\u00fcne kadar \u00fclkelerine d\u00f6nen, onurlu ve g\u00fcvenli \u015fekilde geri d\u00f6n\u00fc\u015f yapan Suriyeli karde\u015flerimizin say\u0131s\u0131 450 bin 169 oldu&#8221; dedi. \u0130\u00e7i\u015fleri Bakan\u0131 Ali Yerlikaya, K\u00fctahya\u2019da d\u00fczenlenen G\u00fcvenlik Toplant\u0131s\u0131\u2019na kat\u0131ld\u0131. Yerlikaya, T\u00fcrkiye\u2019nin g\u00f6\u00e7 y\u00f6netimini Cumhurba\u015fkan\u0131 Recep Tayyip Erdo\u011fan\u2019\u0131n liderli\u011finde insani yakla\u015f\u0131m ve rasyonel bir bak\u0131\u015f a\u00e7\u0131s\u0131yla s\u00fcrd\u00fcrd\u00fc\u011f\u00fcn\u00fc belirterek, &#8220;Bug\u00fcne kadar \u00fclkelerine d\u00f6nen, onurlu&#8230;<\/p>\n","protected":false},"author":1,"featured_media":52116,"comment_status":"open","ping_status":"open","sticky":false,"template":"","format":"standard","meta":{"_crdt_document":"","footnotes":""},"categories":[127],"tags":[],"class_list":["post-52115","post","type-post","status-publish","format-standard","has-post-thumbnail","hentry","category-siyaset"],"_links":{"self":[{"href":"https:\/\/www.egemtv.com\/index.php?rest_route=\/wp\/v2\/posts\/52115","targetHints":{"allow":["GET"]}}],"collection":[{"href":"https:\/\/www.egemtv.com\/index.php?rest_route=\/wp\/v2\/posts"}],"about":[{"href":"https:\/\/www.egemtv.com\/index.php?rest_route=\/wp\/v2\/types\/post"}],"author":[{"embeddable":true,"href":"https:\/\/www.egemtv.com\/index.php?rest_route=\/wp\/v2\/users\/1"}],"replies":[{"embeddable":true,"href":"https:\/\/www.egemtv.com\/index.php?rest_route=%2Fwp%2Fv2%2Fcomments&post=52115"}],"version-history":[{"count":1,"href":"https:\/\/www.egemtv.com\/index.php?rest_route=\/wp\/v2\/posts\/52115\/revisions"}],"predecessor-version":[{"id":52117,"href":"https:\/\/www.egemtv.com\/index.php?rest_route=\/wp\/v2\/posts\/52115\/revisions\/52117"}],"wp:featuredmedia":[{"embeddable":true,"href":"https:\/\/www.egemtv.com\/index.php?rest_route=\/wp\/v2\/media\/52116"}],"wp:attachment":[{"href":"https:\/\/www.egemtv.com\/index.php?rest_route=%2Fwp%2Fv2%2Fmedia&parent=52115"}],"wp:term":[{"taxonomy":"category","embeddable":true,"href":"https:\/\/www.egemtv.com\/index.php?rest_route=%2Fwp%2Fv2%2Fcategories&post=52115"},{"taxonomy":"post_tag","embeddable":true,"href":"https:\/\/www.egemtv.com\/index.php?rest_route=%2Fwp%2Fv2%2Ftags&post=52115"}],"curies":[{"name":"wp","href":"https:\/\/api.w.org\/{rel}","templated":true}]}}