{"id":52112,"date":"2025-08-29T21:55:41","date_gmt":"2025-08-29T18:55:41","guid":{"rendered":"https:\/\/www.egemtv.com\/?p=52112"},"modified":"2025-08-29T21:55:42","modified_gmt":"2025-08-29T18:55:42","slug":"burdurda-traktor-otomobille-carpisti-4-yarali","status":"publish","type":"post","link":"https:\/\/www.egemtv.com\/?p=52112","title":{"rendered":"Burdur\u2019da trakt\u00f6r otomobille \u00e7arp\u0131\u015ft\u0131: 4 yaral\u0131"},"content":{"rendered":"<p>Burdur\u2019un Bucak il\u00e7esinde otomobil ile trakt\u00f6r\u00fcn \u00e7arp\u0131\u015fmas\u0131 sonucu meydana gelen trafik kazas\u0131nda 4 ki\u015fi yaraland\u0131. Ara\u00e7ta s\u0131k\u0131\u015fan kad\u0131n s\u00fcr\u00fcc\u00fc itfaiye ekiplerince kurtar\u0131ld\u0131.<br \/>\n<br \/>Kaza, saat 16.30 s\u0131ralar\u0131nda Burdur-Antalya Karayolu Karap\u0131nar k\u00f6y\u00fc mevkiinde meydana geldi. Edinilen bilgiye g\u00f6re, \u0130rem Nur B. (28) idaresindeki 34 KCM 197 plakal\u0131 otomobil ile Bayram B. (70) y\u00f6netimindeki 15 PB 192 plakal\u0131 trakt\u00f6r \u00e7arp\u0131\u015ft\u0131. \u00c7arp\u0131\u015fman\u0131n \u015fiddetiyle otomobil s\u00fcr\u00fcc\u00fcs\u00fc \u0130rem Nur B. ara\u00e7 i\u00e7inde s\u0131k\u0131\u015ft\u0131. Kazada s\u00fcr\u00fcc\u00fc ile ara\u00e7ta bulunan yolcular \u00d6mer Selim G. (23), Emircan D. (24) ve \u015eevval Sude B. (18) yaraland\u0131. \u0130hbar \u00fczerine olay yerine jandarma, itfaiye ve sa\u011fl\u0131k ekipleri sevk edildi. \u0130tfaiye ekipleri, s\u00fcr\u00fcc\u00fc \u0130rem Nur B.\u2019yi s\u0131k\u0131\u015ft\u0131\u011f\u0131 yerden uzun u\u011fra\u015flar\u0131n sonunda \u00e7\u0131kararak sa\u011fl\u0131k ekiplerine teslim etti. \u0130lk m\u00fcdahaleleri olay yerinde yap\u0131lan yaral\u0131lar, ambulanslarla hastaneye kald\u0131r\u0131ld\u0131.<br \/>\n<br \/>Kaza ile ilgili inceleme ba\u015flat\u0131ld\u0131.<br \/><\/p>\n","protected":false},"excerpt":{"rendered":"<p>Burdur\u2019un Bucak il\u00e7esinde otomobil ile trakt\u00f6r\u00fcn \u00e7arp\u0131\u015fmas\u0131 sonucu meydana gelen trafik kazas\u0131nda 4 ki\u015fi yaraland\u0131. Ara\u00e7ta s\u0131k\u0131\u015fan kad\u0131n s\u00fcr\u00fcc\u00fc itfaiye ekiplerince kurtar\u0131ld\u0131. Kaza, saat 16.30 s\u0131ralar\u0131nda Burdur-Antalya Karayolu Karap\u0131nar k\u00f6y\u00fc mevkiinde meydana geldi. Edinilen bilgiye g\u00f6re, \u0130rem Nur B. (28) idaresindeki 34 KCM 197 plakal\u0131 otomobil ile Bayram B. (70) y\u00f6netimindeki 15 PB 192 plakal\u0131&#8230;<\/p>\n","protected":false},"author":1,"featured_media":52113,"comment_status":"open","ping_status":"open","sticky":false,"template":"","format":"standard","meta":{"_crdt_document":"","footnotes":""},"categories":[5],"tags":[],"class_list":["post-52112","post","type-post","status-publish","format-standard","has-post-thumbnail","hentry","category-asayis"],"_links":{"self":[{"href":"https:\/\/www.egemtv.com\/index.php?rest_route=\/wp\/v2\/posts\/52112","targetHints":{"allow":["GET"]}}],"collection":[{"href":"https:\/\/www.egemtv.com\/index.php?rest_route=\/wp\/v2\/posts"}],"about":[{"href":"https:\/\/www.egemtv.com\/index.php?rest_route=\/wp\/v2\/types\/post"}],"author":[{"embeddable":true,"href":"https:\/\/www.egemtv.com\/index.php?rest_route=\/wp\/v2\/users\/1"}],"replies":[{"embeddable":true,"href":"https:\/\/www.egemtv.com\/index.php?rest_route=%2Fwp%2Fv2%2Fcomments&post=52112"}],"version-history":[{"count":1,"href":"https:\/\/www.egemtv.com\/index.php?rest_route=\/wp\/v2\/posts\/52112\/revisions"}],"predecessor-version":[{"id":52114,"href":"https:\/\/www.egemtv.com\/index.php?rest_route=\/wp\/v2\/posts\/52112\/revisions\/52114"}],"wp:featuredmedia":[{"embeddable":true,"href":"https:\/\/www.egemtv.com\/index.php?rest_route=\/wp\/v2\/media\/52113"}],"wp:attachment":[{"href":"https:\/\/www.egemtv.com\/index.php?rest_route=%2Fwp%2Fv2%2Fmedia&parent=52112"}],"wp:term":[{"taxonomy":"category","embeddable":true,"href":"https:\/\/www.egemtv.com\/index.php?rest_route=%2Fwp%2Fv2%2Fcategories&post=52112"},{"taxonomy":"post_tag","embeddable":true,"href":"https:\/\/www.egemtv.com\/index.php?rest_route=%2Fwp%2Fv2%2Ftags&post=52112"}],"curies":[{"name":"wp","href":"https:\/\/api.w.org\/{rel}","templated":true}]}}