{"id":52109,"date":"2025-08-29T21:14:55","date_gmt":"2025-08-29T18:14:55","guid":{"rendered":"https:\/\/www.egemtv.com\/?p=52109"},"modified":"2025-08-29T21:14:56","modified_gmt":"2025-08-29T18:14:56","slug":"bakan-yumakli-ucagimiz-havaalanina-donerken-acil-inis-yapmistir","status":"publish","type":"post","link":"https:\/\/www.egemtv.com\/?p=52109","title":{"rendered":"Bakan Yumakl\u0131: &#8220;U\u00e7a\u011f\u0131m\u0131z havaalan\u0131na d\u00f6nerken acil ini\u015f yapm\u0131\u015ft\u0131r&#8221;"},"content":{"rendered":"<p>Tar\u0131m ve Orman Bakan\u0131 \u0130brahim Yumakl\u0131, Denizli\u2019deki yang\u0131na m\u00fcdahale eden yang\u0131n s\u00f6nd\u00fcme u\u00e7a\u011f\u0131n\u0131n Mu\u011fla Milas Havaliman\u0131\u2019na d\u00f6n\u00fc\u015f yapt\u0131\u011f\u0131 s\u0131rada Yata\u011fan il\u00e7esinde acil ve sert ini\u015f yapt\u0131\u011f\u0131n\u0131 ve pilotun sa\u011fl\u0131k durumunun iyi oldu\u011funu duyurdu.<br \/>\n<br \/>Bakan Yumakl\u0131, sosyal medya \u00fczerinden yapt\u0131\u011f\u0131 payla\u015f\u0131mda, &#8220;Denizli Buldan\u2019daki yang\u0131na m\u00fcdahale eden Orman Genel M\u00fcd\u00fcrl\u00fc\u011f\u00fcm\u00fcze ait yang\u0131n s\u00f6nd\u00fcrme u\u00e7a\u011f\u0131m\u0131z, Mu\u011fla Milas Havaliman\u0131\u2019na d\u00f6n\u00fc\u015f esnas\u0131nda Yata\u011fan il\u00e7esi Hac\u0131bayramlar k\u00f6y\u00fcne teknik bir nedenle acil ini\u015f yapmak zorunda kalm\u0131\u015f, sert ini\u015fin etkisiyle u\u00e7akta hasar meydana gelmi\u015ftir. Pilotumuzun sa\u011fl\u0131k durumu \u00e7ok \u015f\u00fck\u00fcr iyidir. Orman te\u015fkilat\u0131m\u0131za ve kahraman personelimize ge\u00e7mi\u015f olsun dileklerimi iletiyorum. Rabbim t\u00fcm ekiplerimizi her t\u00fcrl\u00fc kazadan ve beladan korusun&#8221; ifadelerine yer verdi.<br \/><\/p>\n","protected":false},"excerpt":{"rendered":"<p>Tar\u0131m ve Orman Bakan\u0131 \u0130brahim Yumakl\u0131, Denizli\u2019deki yang\u0131na m\u00fcdahale eden yang\u0131n s\u00f6nd\u00fcme u\u00e7a\u011f\u0131n\u0131n Mu\u011fla Milas Havaliman\u0131\u2019na d\u00f6n\u00fc\u015f yapt\u0131\u011f\u0131 s\u0131rada Yata\u011fan il\u00e7esinde acil ve sert ini\u015f yapt\u0131\u011f\u0131n\u0131 ve pilotun sa\u011fl\u0131k durumunun iyi oldu\u011funu duyurdu. Bakan Yumakl\u0131, sosyal medya \u00fczerinden yapt\u0131\u011f\u0131 payla\u015f\u0131mda, &#8220;Denizli Buldan\u2019daki yang\u0131na m\u00fcdahale eden Orman Genel M\u00fcd\u00fcrl\u00fc\u011f\u00fcm\u00fcze ait yang\u0131n s\u00f6nd\u00fcrme u\u00e7a\u011f\u0131m\u0131z, Mu\u011fla Milas Havaliman\u0131\u2019na&#8230;<\/p>\n","protected":false},"author":1,"featured_media":52110,"comment_status":"open","ping_status":"open","sticky":false,"template":"","format":"standard","meta":{"_crdt_document":"","footnotes":""},"categories":[127],"tags":[],"class_list":["post-52109","post","type-post","status-publish","format-standard","has-post-thumbnail","hentry","category-siyaset"],"_links":{"self":[{"href":"https:\/\/www.egemtv.com\/index.php?rest_route=\/wp\/v2\/posts\/52109","targetHints":{"allow":["GET"]}}],"collection":[{"href":"https:\/\/www.egemtv.com\/index.php?rest_route=\/wp\/v2\/posts"}],"about":[{"href":"https:\/\/www.egemtv.com\/index.php?rest_route=\/wp\/v2\/types\/post"}],"author":[{"embeddable":true,"href":"https:\/\/www.egemtv.com\/index.php?rest_route=\/wp\/v2\/users\/1"}],"replies":[{"embeddable":true,"href":"https:\/\/www.egemtv.com\/index.php?rest_route=%2Fwp%2Fv2%2Fcomments&post=52109"}],"version-history":[{"count":1,"href":"https:\/\/www.egemtv.com\/index.php?rest_route=\/wp\/v2\/posts\/52109\/revisions"}],"predecessor-version":[{"id":52111,"href":"https:\/\/www.egemtv.com\/index.php?rest_route=\/wp\/v2\/posts\/52109\/revisions\/52111"}],"wp:featuredmedia":[{"embeddable":true,"href":"https:\/\/www.egemtv.com\/index.php?rest_route=\/wp\/v2\/media\/52110"}],"wp:attachment":[{"href":"https:\/\/www.egemtv.com\/index.php?rest_route=%2Fwp%2Fv2%2Fmedia&parent=52109"}],"wp:term":[{"taxonomy":"category","embeddable":true,"href":"https:\/\/www.egemtv.com\/index.php?rest_route=%2Fwp%2Fv2%2Fcategories&post=52109"},{"taxonomy":"post_tag","embeddable":true,"href":"https:\/\/www.egemtv.com\/index.php?rest_route=%2Fwp%2Fv2%2Ftags&post=52109"}],"curies":[{"name":"wp","href":"https:\/\/api.w.org\/{rel}","templated":true}]}}