{"id":52106,"date":"2025-08-29T21:14:55","date_gmt":"2025-08-29T18:14:55","guid":{"rendered":"https:\/\/www.egemtv.com\/?p=52106"},"modified":"2025-08-29T21:14:55","modified_gmt":"2025-08-29T18:14:55","slug":"tarlaya-acil-inis-yapan-yangin-sondurme-ucagi-pilotu-hastaneye-boyle-getirildi","status":"publish","type":"post","link":"https:\/\/www.egemtv.com\/?p=52106","title":{"rendered":"Tarlaya acil ini\u015f yapan yang\u0131n s\u00f6nd\u00fcrme u\u00e7a\u011f\u0131 pilotu hastaneye b\u00f6yle getirildi"},"content":{"rendered":"<p>Mu\u011fla\u2019n\u0131n Yata\u011fan il\u00e7esi Hac\u0131bayramlar Mahallesi yak\u0131nlar\u0131nda tarlaya acil ini\u015f yapan yang\u0131n s\u00f6nd\u00fcrme u\u00e7a\u011f\u0131n\u0131n pilotu hastaneye kald\u0131r\u0131ld\u0131. Pilotun hayati tehlikesinin bulunmad\u0131\u011f\u0131 \u00f6\u011frenildi.<br \/>\n<br \/>Edinilen bilgiye g\u00f6re, b\u00f6lgedeki yang\u0131n s\u00f6nd\u00fcrme \u00e7al\u0131\u015fmalar\u0131na kat\u0131lan Orman Genel M\u00fcd\u00fcrl\u00fc\u011f\u00fc\u2019ne ait bir yang\u0131n s\u00f6nd\u00fcrme u\u00e7a\u011f\u0131 hen\u00fcz bilinmeyen bir nedenle kaza k\u0131r\u0131ma u\u011framas\u0131 sonucu tarlaya acil ini\u015f yapt\u0131. Kaza sonras\u0131 b\u00f6lgeye arama ve kurtarma ekipleri sevk edildi. Kazadan sa\u011f kurtulan pilot, yap\u0131lan ilk m\u00fcdahalesinin ard\u0131ndan ambulansla hastaneye kald\u0131r\u0131ld\u0131. Kurtar\u0131lan pilotun hastaneye getirilme an\u0131na ili\u015fkin g\u00f6r\u00fcnt\u00fcler ortaya \u00e7\u0131kt\u0131. G\u00f6r\u00fcnt\u00fclerde pilotun ambulanstan al\u0131narak sedye ile hastaneye getirili\u015fi yer ald\u0131. Hayati tehlikesinin bulunmad\u0131\u011f\u0131 \u00f6\u011frenilen pilotun tedavisinin s\u00fcrd\u00fc\u011f\u00fc \u00f6\u011frenildi.<br \/><\/p>\n","protected":false},"excerpt":{"rendered":"<p>Mu\u011fla\u2019n\u0131n Yata\u011fan il\u00e7esi Hac\u0131bayramlar Mahallesi yak\u0131nlar\u0131nda tarlaya acil ini\u015f yapan yang\u0131n s\u00f6nd\u00fcrme u\u00e7a\u011f\u0131n\u0131n pilotu hastaneye kald\u0131r\u0131ld\u0131. Pilotun hayati tehlikesinin bulunmad\u0131\u011f\u0131 \u00f6\u011frenildi. Edinilen bilgiye g\u00f6re, b\u00f6lgedeki yang\u0131n s\u00f6nd\u00fcrme \u00e7al\u0131\u015fmalar\u0131na kat\u0131lan Orman Genel M\u00fcd\u00fcrl\u00fc\u011f\u00fc\u2019ne ait bir yang\u0131n s\u00f6nd\u00fcrme u\u00e7a\u011f\u0131 hen\u00fcz bilinmeyen bir nedenle kaza k\u0131r\u0131ma u\u011framas\u0131 sonucu tarlaya acil ini\u015f yapt\u0131. Kaza sonras\u0131 b\u00f6lgeye arama ve kurtarma&#8230;<\/p>\n","protected":false},"author":1,"featured_media":52107,"comment_status":"open","ping_status":"open","sticky":false,"template":"","format":"standard","meta":{"_crdt_document":"","footnotes":""},"categories":[5],"tags":[],"class_list":["post-52106","post","type-post","status-publish","format-standard","has-post-thumbnail","hentry","category-asayis"],"_links":{"self":[{"href":"https:\/\/www.egemtv.com\/index.php?rest_route=\/wp\/v2\/posts\/52106","targetHints":{"allow":["GET"]}}],"collection":[{"href":"https:\/\/www.egemtv.com\/index.php?rest_route=\/wp\/v2\/posts"}],"about":[{"href":"https:\/\/www.egemtv.com\/index.php?rest_route=\/wp\/v2\/types\/post"}],"author":[{"embeddable":true,"href":"https:\/\/www.egemtv.com\/index.php?rest_route=\/wp\/v2\/users\/1"}],"replies":[{"embeddable":true,"href":"https:\/\/www.egemtv.com\/index.php?rest_route=%2Fwp%2Fv2%2Fcomments&post=52106"}],"version-history":[{"count":1,"href":"https:\/\/www.egemtv.com\/index.php?rest_route=\/wp\/v2\/posts\/52106\/revisions"}],"predecessor-version":[{"id":52108,"href":"https:\/\/www.egemtv.com\/index.php?rest_route=\/wp\/v2\/posts\/52106\/revisions\/52108"}],"wp:featuredmedia":[{"embeddable":true,"href":"https:\/\/www.egemtv.com\/index.php?rest_route=\/wp\/v2\/media\/52107"}],"wp:attachment":[{"href":"https:\/\/www.egemtv.com\/index.php?rest_route=%2Fwp%2Fv2%2Fmedia&parent=52106"}],"wp:term":[{"taxonomy":"category","embeddable":true,"href":"https:\/\/www.egemtv.com\/index.php?rest_route=%2Fwp%2Fv2%2Fcategories&post=52106"},{"taxonomy":"post_tag","embeddable":true,"href":"https:\/\/www.egemtv.com\/index.php?rest_route=%2Fwp%2Fv2%2Ftags&post=52106"}],"curies":[{"name":"wp","href":"https:\/\/api.w.org\/{rel}","templated":true}]}}