{"id":52103,"date":"2025-08-29T20:54:57","date_gmt":"2025-08-29T17:54:57","guid":{"rendered":"https:\/\/www.egemtv.com\/?p=52103"},"modified":"2025-08-29T20:54:58","modified_gmt":"2025-08-29T17:54:58","slug":"mcbu-ve-tikadan-uluslararasi-projelere-ortaklik-mesaji","status":"publish","type":"post","link":"https:\/\/www.egemtv.com\/?p=52103","title":{"rendered":"MCB\u00dc ve T\u0130KA\u2019dan uluslararas\u0131 projelere ortakl\u0131k mesaj\u0131"},"content":{"rendered":"<p>Manisa Celal Bayar \u00dcniversitesi (MCB\u00dc) Rekt\u00f6r\u00fc Prof. Dr. Rana Kibar, T\u00fcrk \u0130\u015fbirli\u011fi ve Koordinasyon Ajans\u0131 (T\u0130KA) Ba\u015fkanl\u0131\u011f\u0131 g\u00f6revine atanan Abdullah Eren\u2019i makam\u0131nda ziyaret etti.<br \/>\n<br \/>Ziyarette, MCB\u00dc ile T\u0130KA aras\u0131nda hayata ge\u00e7irilebilecek uluslararas\u0131 e\u011fitim ve k\u00fclt\u00fcrel projeler ele al\u0131nd\u0131. \u0130ki kurum aras\u0131ndaki i\u015f birliklerinin geli\u015ftirilmesine y\u00f6nelik g\u00f6r\u00fc\u015f al\u0131\u015fveri\u015finde bulunulurken, ortak \u00e7al\u0131\u015fmalar\u0131n \u00f6nemine dikkat \u00e7ekildi.<br \/>\n<br \/>T\u0130KA Ba\u015fkan\u0131 Abdullah Eren, nazik ziyaretinden dolay\u0131 Rekt\u00f6r Prof. Dr. Rana Kibar\u2019a te\u015fekk\u00fcr ederek, yeni d\u00f6nemde \u00fcniversitelerle yap\u0131lacak projelere \u00f6nem verdiklerini belirtti.<br \/><\/p>\n","protected":false},"excerpt":{"rendered":"<p>Manisa Celal Bayar \u00dcniversitesi (MCB\u00dc) Rekt\u00f6r\u00fc Prof. Dr. Rana Kibar, T\u00fcrk \u0130\u015fbirli\u011fi ve Koordinasyon Ajans\u0131 (T\u0130KA) Ba\u015fkanl\u0131\u011f\u0131 g\u00f6revine atanan Abdullah Eren\u2019i makam\u0131nda ziyaret etti. Ziyarette, MCB\u00dc ile T\u0130KA aras\u0131nda hayata ge\u00e7irilebilecek uluslararas\u0131 e\u011fitim ve k\u00fclt\u00fcrel projeler ele al\u0131nd\u0131. \u0130ki kurum aras\u0131ndaki i\u015f birliklerinin geli\u015ftirilmesine y\u00f6nelik g\u00f6r\u00fc\u015f al\u0131\u015fveri\u015finde bulunulurken, ortak \u00e7al\u0131\u015fmalar\u0131n \u00f6nemine dikkat \u00e7ekildi. T\u0130KA Ba\u015fkan\u0131&#8230;<\/p>\n","protected":false},"author":1,"featured_media":52104,"comment_status":"open","ping_status":"open","sticky":false,"template":"","format":"standard","meta":{"_crdt_document":"","footnotes":""},"categories":[1],"tags":[],"class_list":["post-52103","post","type-post","status-publish","format-standard","has-post-thumbnail","hentry","category-guncel"],"_links":{"self":[{"href":"https:\/\/www.egemtv.com\/index.php?rest_route=\/wp\/v2\/posts\/52103","targetHints":{"allow":["GET"]}}],"collection":[{"href":"https:\/\/www.egemtv.com\/index.php?rest_route=\/wp\/v2\/posts"}],"about":[{"href":"https:\/\/www.egemtv.com\/index.php?rest_route=\/wp\/v2\/types\/post"}],"author":[{"embeddable":true,"href":"https:\/\/www.egemtv.com\/index.php?rest_route=\/wp\/v2\/users\/1"}],"replies":[{"embeddable":true,"href":"https:\/\/www.egemtv.com\/index.php?rest_route=%2Fwp%2Fv2%2Fcomments&post=52103"}],"version-history":[{"count":1,"href":"https:\/\/www.egemtv.com\/index.php?rest_route=\/wp\/v2\/posts\/52103\/revisions"}],"predecessor-version":[{"id":52105,"href":"https:\/\/www.egemtv.com\/index.php?rest_route=\/wp\/v2\/posts\/52103\/revisions\/52105"}],"wp:featuredmedia":[{"embeddable":true,"href":"https:\/\/www.egemtv.com\/index.php?rest_route=\/wp\/v2\/media\/52104"}],"wp:attachment":[{"href":"https:\/\/www.egemtv.com\/index.php?rest_route=%2Fwp%2Fv2%2Fmedia&parent=52103"}],"wp:term":[{"taxonomy":"category","embeddable":true,"href":"https:\/\/www.egemtv.com\/index.php?rest_route=%2Fwp%2Fv2%2Fcategories&post=52103"},{"taxonomy":"post_tag","embeddable":true,"href":"https:\/\/www.egemtv.com\/index.php?rest_route=%2Fwp%2Fv2%2Ftags&post=52103"}],"curies":[{"name":"wp","href":"https:\/\/api.w.org\/{rel}","templated":true}]}}