{"id":52100,"date":"2025-08-29T20:34:44","date_gmt":"2025-08-29T17:34:44","guid":{"rendered":"https:\/\/www.egemtv.com\/?p=52100"},"modified":"2025-08-29T20:34:45","modified_gmt":"2025-08-29T17:34:45","slug":"mugla-valisi-akbiyik-pilotumuzun-hayati-tehlikesi-bulunmamaktadir","status":"publish","type":"post","link":"https:\/\/www.egemtv.com\/?p=52100","title":{"rendered":"Mu\u011fla Valisi Akb\u0131y\u0131k: &#8220;Pilotumuzun hayati tehlikesi bulunmamaktad\u0131r&#8221;"},"content":{"rendered":"<p>Mu\u011fla Valisi \u0130dris Akb\u0131y\u0131k, bir yang\u0131n s\u00f6nd\u00fcrme u\u00e7a\u011f\u0131n\u0131n tarlaya acil ini\u015f yapt\u0131\u011f\u0131n\u0131 ve pilotun hayati tehlikesinin bulunmad\u0131\u011f\u0131n\u0131 a\u00e7\u0131klad\u0131.<br \/>\n<br \/>Vali Akb\u0131y\u0131k, sosyal medya \u00fczerinden yapt\u0131\u011f\u0131 payla\u015f\u0131mda, &#8220;Orman Genel M\u00fcd\u00fcrl\u00fc\u011f\u00fcm\u00fcze ait yang\u0131n s\u00f6nd\u00fcrme u\u00e7a\u011f\u0131 meydana gelen ar\u0131za nedeni ile Yata\u011fan il\u00e7emiz Hac\u0131bayramlar Mahallesi Sepet\u00e7i mevkiinde bo\u015f araziye acil ini\u015f yapm\u0131\u015ft\u0131r. Pilotumuz sa\u011fl\u0131k kontrolleri i\u00e7in Mu\u011fla E\u011fitim ve Ara\u015ft\u0131rma Hastanesine sevk edilmi\u015f olup, al\u0131nan ilk bilgilere g\u00f6re hayati tehlikesi bulunmamaktad\u0131r. Sert ini\u015fin etkisi ile u\u00e7akta da hasar meydana gelmi\u015ftir. Orman te\u015fkilat\u0131m\u0131za ve milletimize ge\u00e7mi\u015f olsun dileklerimizi iletiyoruz&#8221; ifadelerine yer verdi.<br \/><\/p>\n","protected":false},"excerpt":{"rendered":"<p>Mu\u011fla Valisi \u0130dris Akb\u0131y\u0131k, bir yang\u0131n s\u00f6nd\u00fcrme u\u00e7a\u011f\u0131n\u0131n tarlaya acil ini\u015f yapt\u0131\u011f\u0131n\u0131 ve pilotun hayati tehlikesinin bulunmad\u0131\u011f\u0131n\u0131 a\u00e7\u0131klad\u0131. Vali Akb\u0131y\u0131k, sosyal medya \u00fczerinden yapt\u0131\u011f\u0131 payla\u015f\u0131mda, &#8220;Orman Genel M\u00fcd\u00fcrl\u00fc\u011f\u00fcm\u00fcze ait yang\u0131n s\u00f6nd\u00fcrme u\u00e7a\u011f\u0131 meydana gelen ar\u0131za nedeni ile Yata\u011fan il\u00e7emiz Hac\u0131bayramlar Mahallesi Sepet\u00e7i mevkiinde bo\u015f araziye acil ini\u015f yapm\u0131\u015ft\u0131r. Pilotumuz sa\u011fl\u0131k kontrolleri i\u00e7in Mu\u011fla E\u011fitim ve&#8230;<\/p>\n","protected":false},"author":1,"featured_media":52101,"comment_status":"open","ping_status":"open","sticky":false,"template":"","format":"standard","meta":{"_crdt_document":"","footnotes":""},"categories":[5],"tags":[],"class_list":["post-52100","post","type-post","status-publish","format-standard","has-post-thumbnail","hentry","category-asayis"],"_links":{"self":[{"href":"https:\/\/www.egemtv.com\/index.php?rest_route=\/wp\/v2\/posts\/52100","targetHints":{"allow":["GET"]}}],"collection":[{"href":"https:\/\/www.egemtv.com\/index.php?rest_route=\/wp\/v2\/posts"}],"about":[{"href":"https:\/\/www.egemtv.com\/index.php?rest_route=\/wp\/v2\/types\/post"}],"author":[{"embeddable":true,"href":"https:\/\/www.egemtv.com\/index.php?rest_route=\/wp\/v2\/users\/1"}],"replies":[{"embeddable":true,"href":"https:\/\/www.egemtv.com\/index.php?rest_route=%2Fwp%2Fv2%2Fcomments&post=52100"}],"version-history":[{"count":1,"href":"https:\/\/www.egemtv.com\/index.php?rest_route=\/wp\/v2\/posts\/52100\/revisions"}],"predecessor-version":[{"id":52102,"href":"https:\/\/www.egemtv.com\/index.php?rest_route=\/wp\/v2\/posts\/52100\/revisions\/52102"}],"wp:featuredmedia":[{"embeddable":true,"href":"https:\/\/www.egemtv.com\/index.php?rest_route=\/wp\/v2\/media\/52101"}],"wp:attachment":[{"href":"https:\/\/www.egemtv.com\/index.php?rest_route=%2Fwp%2Fv2%2Fmedia&parent=52100"}],"wp:term":[{"taxonomy":"category","embeddable":true,"href":"https:\/\/www.egemtv.com\/index.php?rest_route=%2Fwp%2Fv2%2Fcategories&post=52100"},{"taxonomy":"post_tag","embeddable":true,"href":"https:\/\/www.egemtv.com\/index.php?rest_route=%2Fwp%2Fv2%2Ftags&post=52100"}],"curies":[{"name":"wp","href":"https:\/\/api.w.org\/{rel}","templated":true}]}}