{"id":52097,"date":"2025-08-29T20:14:42","date_gmt":"2025-08-29T17:14:42","guid":{"rendered":"https:\/\/www.egemtv.com\/?p=52097"},"modified":"2025-08-29T20:14:43","modified_gmt":"2025-08-29T17:14:43","slug":"aydinli-sporcular-sampiyonluk-kupasini-turkiyeye-getirdi","status":"publish","type":"post","link":"https:\/\/www.egemtv.com\/?p=52097","title":{"rendered":"Ayd\u0131nl\u0131 sporcular \u015fampiyonluk kupas\u0131n\u0131 T\u00fcrkiye\u2019ye getirdi"},"content":{"rendered":"<p>S\u0131rb\u0131stan\u2019da d\u00fczenlenen taekwondo turnuvas\u0131nda T\u00fcrkiye\u2019yi temsil eden Ayd\u0131nl\u0131 sporcular, 6 alt\u0131n ve 4 g\u00fcm\u00fc\u015f madalya kazand\u0131.<\/p>\n<p>Asteriks Games Uluslararas\u0131 Taekwondo Turnuvas\u0131 S\u0131rbistan\u2019\u0131n Ni\u015f kentinin ev sahipli\u011finde ger\u00e7ekle\u015ftirildi. \u00c7ok say\u0131da sporcunun kat\u0131ld\u0131\u011f\u0131 turnuvada Ayd\u0131n\u2019dan turnuvaya kat\u0131lan 10 ba\u015far\u0131l\u0131 sporcu, T\u00fcrkiye\u2019yi ba\u015far\u0131yla temsil etti. K\u0131yas\u0131ya rekabetin ya\u015fand\u0131\u011f\u0131 turnuvada Ayd\u0131nl\u0131 gen\u00e7ler 6 alt\u0131n ve 4 g\u00fcm\u00fc\u015f madalya kazanarak Minikler ve Y\u0131ld\u0131zlar kategorilerinde b\u00fcy\u00fck bir \u00fcst\u00fcnl\u00fck sa\u011flad\u0131rken, genel klasmanda da \u015fampiyonluk kupas\u0131n\u0131 T\u00fcrkiye\u2019ye getirdi.<\/p>\n<p>Ba\u015far\u0131l\u0131 sporcular\u0131 tebrik eden Ayd\u0131n Gen\u00e7lik ve Spor \u0130l M\u00fcd\u00fcrl\u00fc\u011f\u00fc a\u00e7\u0131klamas\u0131nda &#8220;S\u0131rbistan\u2019\u0131n Ni\u015f kentinde d\u00fczenlenen Asteriks Games Uluslararas\u0131 Taekwondo Turnuvas\u0131\u2019nda sporcular\u0131m\u0131z, \u00fclkemizi ve ilimizi en g\u00fczel \u015fekilde temsil ederek tarihi bir ba\u015far\u0131ya imza att\u0131. 10 sporcumuzla kat\u0131ld\u0131\u011f\u0131m\u0131z organizasyonda, 6 alt\u0131n ve 4 g\u00fcm\u00fc\u015f madalya kazanarak Minikler ve Y\u0131ld\u0131zlar kategorilerinde b\u00fcy\u00fck bir \u00fcst\u00fcnl\u00fck sa\u011flad\u0131k. Elde edilen bu sonu\u00e7la sporcular\u0131m\u0131z, genel klasmanda \u015fampiyonluk kupas\u0131n\u0131 \u00fclkemize getirdi. \u0130l M\u00fcd\u00fcrl\u00fc\u011f\u00fcm\u00fcz olarak, Bu gurur verici ba\u015far\u0131da eme\u011fi ge\u00e7en sporcular\u0131m\u0131z\u0131, antren\u00f6rlerimizi ve ailelerini y\u00fcrekten tebrik ediyor, ba\u015far\u0131lar\u0131n\u0131n artarak devam etmesini diliyoruz&#8221; ifadeleri yer ald\u0131.<br \/><\/p>\n","protected":false},"excerpt":{"rendered":"<p>S\u0131rb\u0131stan\u2019da d\u00fczenlenen taekwondo turnuvas\u0131nda T\u00fcrkiye\u2019yi temsil eden Ayd\u0131nl\u0131 sporcular, 6 alt\u0131n ve 4 g\u00fcm\u00fc\u015f madalya kazand\u0131. Asteriks Games Uluslararas\u0131 Taekwondo Turnuvas\u0131 S\u0131rbistan\u2019\u0131n Ni\u015f kentinin ev sahipli\u011finde ger\u00e7ekle\u015ftirildi. \u00c7ok say\u0131da sporcunun kat\u0131ld\u0131\u011f\u0131 turnuvada Ayd\u0131n\u2019dan turnuvaya kat\u0131lan 10 ba\u015far\u0131l\u0131 sporcu, T\u00fcrkiye\u2019yi ba\u015far\u0131yla temsil etti. K\u0131yas\u0131ya rekabetin ya\u015fand\u0131\u011f\u0131 turnuvada Ayd\u0131nl\u0131 gen\u00e7ler 6 alt\u0131n ve 4 g\u00fcm\u00fc\u015f madalya kazanarak&#8230;<\/p>\n","protected":false},"author":1,"featured_media":52098,"comment_status":"open","ping_status":"open","sticky":false,"template":"","format":"standard","meta":{"_crdt_document":"","footnotes":""},"categories":[4],"tags":[],"class_list":["post-52097","post","type-post","status-publish","format-standard","has-post-thumbnail","hentry","category-spor"],"_links":{"self":[{"href":"https:\/\/www.egemtv.com\/index.php?rest_route=\/wp\/v2\/posts\/52097","targetHints":{"allow":["GET"]}}],"collection":[{"href":"https:\/\/www.egemtv.com\/index.php?rest_route=\/wp\/v2\/posts"}],"about":[{"href":"https:\/\/www.egemtv.com\/index.php?rest_route=\/wp\/v2\/types\/post"}],"author":[{"embeddable":true,"href":"https:\/\/www.egemtv.com\/index.php?rest_route=\/wp\/v2\/users\/1"}],"replies":[{"embeddable":true,"href":"https:\/\/www.egemtv.com\/index.php?rest_route=%2Fwp%2Fv2%2Fcomments&post=52097"}],"version-history":[{"count":1,"href":"https:\/\/www.egemtv.com\/index.php?rest_route=\/wp\/v2\/posts\/52097\/revisions"}],"predecessor-version":[{"id":52099,"href":"https:\/\/www.egemtv.com\/index.php?rest_route=\/wp\/v2\/posts\/52097\/revisions\/52099"}],"wp:featuredmedia":[{"embeddable":true,"href":"https:\/\/www.egemtv.com\/index.php?rest_route=\/wp\/v2\/media\/52098"}],"wp:attachment":[{"href":"https:\/\/www.egemtv.com\/index.php?rest_route=%2Fwp%2Fv2%2Fmedia&parent=52097"}],"wp:term":[{"taxonomy":"category","embeddable":true,"href":"https:\/\/www.egemtv.com\/index.php?rest_route=%2Fwp%2Fv2%2Fcategories&post=52097"},{"taxonomy":"post_tag","embeddable":true,"href":"https:\/\/www.egemtv.com\/index.php?rest_route=%2Fwp%2Fv2%2Ftags&post=52097"}],"curies":[{"name":"wp","href":"https:\/\/api.w.org\/{rel}","templated":true}]}}