{"id":52094,"date":"2025-08-29T20:14:41","date_gmt":"2025-08-29T17:14:41","guid":{"rendered":"https:\/\/www.egemtv.com\/?p=52094"},"modified":"2025-08-29T20:14:42","modified_gmt":"2025-08-29T17:14:42","slug":"muglada-yangin-sondurme-ucagi-tarlaya-acil-inis-yapti","status":"publish","type":"post","link":"https:\/\/www.egemtv.com\/?p=52094","title":{"rendered":"Mu\u011fla\u2019da yang\u0131n s\u00f6nd\u00fcrme u\u00e7a\u011f\u0131 tarlaya acil ini\u015f yapt\u0131"},"content":{"rendered":"<p>Mu\u011fla\u2019n\u0131n Yata\u011fan il\u00e7esi Hac\u0131bayramlar Mahallesi yak\u0131nlar\u0131nda bir yang\u0131n s\u00f6nd\u00fcrme u\u00e7a\u011f\u0131, kaza k\u0131r\u0131ma u\u011framas\u0131 sonucu tarlaya acil ini\u015f yapt\u0131.<br \/>\n<br \/>Edinilen bilgiye g\u00f6re, b\u00f6lgedeki yang\u0131n s\u00f6nd\u00fcrme \u00e7al\u0131\u015fmalar\u0131na kat\u0131lan Orman Genel M\u00fcd\u00fcrl\u00fc\u011f\u00fc\u2019ne ait bir yang\u0131n s\u00f6nd\u00fcrme u\u00e7a\u011f\u0131 hen\u00fcz bilinmeyen bir nedenle kaza k\u0131r\u0131ma u\u011framas\u0131 sonucu tarlaya acil ini\u015f yapt\u0131. Kaza sonras\u0131 b\u00f6lgeye arama ve kurtarma ekipleri sevk edildi. \u0130lk belirlemelere g\u00f6re kazadan pilotun sa\u011f olarak kurtuldu\u011fu \u00f6\u011frenildi.<br \/><\/p>\n","protected":false},"excerpt":{"rendered":"<p>Mu\u011fla\u2019n\u0131n Yata\u011fan il\u00e7esi Hac\u0131bayramlar Mahallesi yak\u0131nlar\u0131nda bir yang\u0131n s\u00f6nd\u00fcrme u\u00e7a\u011f\u0131, kaza k\u0131r\u0131ma u\u011framas\u0131 sonucu tarlaya acil ini\u015f yapt\u0131. Edinilen bilgiye g\u00f6re, b\u00f6lgedeki yang\u0131n s\u00f6nd\u00fcrme \u00e7al\u0131\u015fmalar\u0131na kat\u0131lan Orman Genel M\u00fcd\u00fcrl\u00fc\u011f\u00fc\u2019ne ait bir yang\u0131n s\u00f6nd\u00fcrme u\u00e7a\u011f\u0131 hen\u00fcz bilinmeyen bir nedenle kaza k\u0131r\u0131ma u\u011framas\u0131 sonucu tarlaya acil ini\u015f yapt\u0131. Kaza sonras\u0131 b\u00f6lgeye arama ve kurtarma ekipleri sevk edildi&#8230;.<\/p>\n","protected":false},"author":1,"featured_media":52095,"comment_status":"open","ping_status":"open","sticky":false,"template":"","format":"standard","meta":{"_crdt_document":"","footnotes":""},"categories":[5],"tags":[],"class_list":["post-52094","post","type-post","status-publish","format-standard","has-post-thumbnail","hentry","category-asayis"],"_links":{"self":[{"href":"https:\/\/www.egemtv.com\/index.php?rest_route=\/wp\/v2\/posts\/52094","targetHints":{"allow":["GET"]}}],"collection":[{"href":"https:\/\/www.egemtv.com\/index.php?rest_route=\/wp\/v2\/posts"}],"about":[{"href":"https:\/\/www.egemtv.com\/index.php?rest_route=\/wp\/v2\/types\/post"}],"author":[{"embeddable":true,"href":"https:\/\/www.egemtv.com\/index.php?rest_route=\/wp\/v2\/users\/1"}],"replies":[{"embeddable":true,"href":"https:\/\/www.egemtv.com\/index.php?rest_route=%2Fwp%2Fv2%2Fcomments&post=52094"}],"version-history":[{"count":1,"href":"https:\/\/www.egemtv.com\/index.php?rest_route=\/wp\/v2\/posts\/52094\/revisions"}],"predecessor-version":[{"id":52096,"href":"https:\/\/www.egemtv.com\/index.php?rest_route=\/wp\/v2\/posts\/52094\/revisions\/52096"}],"wp:featuredmedia":[{"embeddable":true,"href":"https:\/\/www.egemtv.com\/index.php?rest_route=\/wp\/v2\/media\/52095"}],"wp:attachment":[{"href":"https:\/\/www.egemtv.com\/index.php?rest_route=%2Fwp%2Fv2%2Fmedia&parent=52094"}],"wp:term":[{"taxonomy":"category","embeddable":true,"href":"https:\/\/www.egemtv.com\/index.php?rest_route=%2Fwp%2Fv2%2Fcategories&post=52094"},{"taxonomy":"post_tag","embeddable":true,"href":"https:\/\/www.egemtv.com\/index.php?rest_route=%2Fwp%2Fv2%2Ftags&post=52094"}],"curies":[{"name":"wp","href":"https:\/\/api.w.org\/{rel}","templated":true}]}}