{"id":52091,"date":"2025-08-29T19:55:42","date_gmt":"2025-08-29T16:55:42","guid":{"rendered":"https:\/\/www.egemtv.com\/?p=52091"},"modified":"2025-08-29T19:55:43","modified_gmt":"2025-08-29T16:55:43","slug":"izmirde-47-duzensiz-gocmen-yakalandi","status":"publish","type":"post","link":"https:\/\/www.egemtv.com\/?p=52091","title":{"rendered":"\u0130zmir\u2019de 47 d\u00fczensiz g\u00f6\u00e7men yakaland\u0131"},"content":{"rendered":"<p>\u0130zmir\u2019de Sahil G\u00fcvenlik ve jandarma ekiplerinin ger\u00e7ekle\u015ftirdi\u011fi iki ayr\u0131 operasyonda toplam 47 d\u00fczensiz g\u00f6\u00e7men yakalan\u0131rken, 1 g\u00f6\u00e7men ka\u00e7ak\u00e7\u0131s\u0131 \u015f\u00fcphelisi g\u00f6zalt\u0131na al\u0131nd\u0131.<br \/>\n<br \/>D\u00fcn saat 03.45\u2019te Seferihisar il\u00e7esi a\u00e7\u0131klar\u0131nda g\u00f6revli Sahil G\u00fcvenlik Mobil Radar\u0131 (MORAD-9) taraf\u0131ndan lastik bot i\u00e7erisinde bir grup d\u00fczensiz g\u00f6\u00e7men oldu\u011fu tespit edildi. Bunun \u00fczerine g\u00f6revlendirilen Sahil G\u00fcvenlik gemisi \u2019TCSG-311\u2019 ve Sahil G\u00fcvenlik botu \u2019KB-22\u2019 taraf\u0131ndan durdurulan hareketli lastik botta 4\u2019\u00fc \u00e7ocuk 26 d\u00fczensiz g\u00f6\u00e7men yakaland\u0131.<br \/>\n<br \/>Ayn\u0131 g\u00fcn saat 15.30 s\u0131ralar\u0131nda ise Karaburun il\u00e7esi Doluca Deresi mevkiinde bir grup d\u00fczensiz g\u00f6\u00e7men oldu\u011fu bilgisi \u00fczerine Sahil G\u00fcvenlik Ka\u00e7ak\u00e7\u0131l\u0131k ve Organize Su\u00e7larla M\u00fccadele (KOM) Timi, \u0130zmir \u0130l Jandarma Komutanl\u0131\u011f\u0131 ve Karaburun \u0130l\u00e7e Jandarma Komutanl\u0131\u011f\u0131 ekipleri harekete ge\u00e7ti. Ortak operasyonda kara \u00fczerinde bulunan 21 d\u00fczensiz g\u00f6\u00e7men ile 1 g\u00f6\u00e7men ka\u00e7ak\u00e7\u0131s\u0131 \u015f\u00fcphelisi yakaland\u0131.<br \/>\n<br \/>Yakalanan d\u00fczensiz g\u00f6\u00e7menler i\u015flemlerinin ard\u0131ndan \u0130l G\u00f6\u00e7 \u0130daresi M\u00fcd\u00fcrl\u00fc\u011f\u00fc\u2019ne teslim edilirken, g\u00f6zalt\u0131na al\u0131nan g\u00f6\u00e7men ka\u00e7ak\u00e7\u0131s\u0131 \u015f\u00fcphelisi hakk\u0131nda adli i\u015flem ba\u015flat\u0131ld\u0131.<br \/><\/p>\n","protected":false},"excerpt":{"rendered":"<p>\u0130zmir\u2019de Sahil G\u00fcvenlik ve jandarma ekiplerinin ger\u00e7ekle\u015ftirdi\u011fi iki ayr\u0131 operasyonda toplam 47 d\u00fczensiz g\u00f6\u00e7men yakalan\u0131rken, 1 g\u00f6\u00e7men ka\u00e7ak\u00e7\u0131s\u0131 \u015f\u00fcphelisi g\u00f6zalt\u0131na al\u0131nd\u0131. D\u00fcn saat 03.45\u2019te Seferihisar il\u00e7esi a\u00e7\u0131klar\u0131nda g\u00f6revli Sahil G\u00fcvenlik Mobil Radar\u0131 (MORAD-9) taraf\u0131ndan lastik bot i\u00e7erisinde bir grup d\u00fczensiz g\u00f6\u00e7men oldu\u011fu tespit edildi. Bunun \u00fczerine g\u00f6revlendirilen Sahil G\u00fcvenlik gemisi \u2019TCSG-311\u2019 ve Sahil G\u00fcvenlik botu&#8230;<\/p>\n","protected":false},"author":1,"featured_media":52092,"comment_status":"open","ping_status":"open","sticky":false,"template":"","format":"standard","meta":{"_crdt_document":"","footnotes":""},"categories":[5],"tags":[],"class_list":["post-52091","post","type-post","status-publish","format-standard","has-post-thumbnail","hentry","category-asayis"],"_links":{"self":[{"href":"https:\/\/www.egemtv.com\/index.php?rest_route=\/wp\/v2\/posts\/52091","targetHints":{"allow":["GET"]}}],"collection":[{"href":"https:\/\/www.egemtv.com\/index.php?rest_route=\/wp\/v2\/posts"}],"about":[{"href":"https:\/\/www.egemtv.com\/index.php?rest_route=\/wp\/v2\/types\/post"}],"author":[{"embeddable":true,"href":"https:\/\/www.egemtv.com\/index.php?rest_route=\/wp\/v2\/users\/1"}],"replies":[{"embeddable":true,"href":"https:\/\/www.egemtv.com\/index.php?rest_route=%2Fwp%2Fv2%2Fcomments&post=52091"}],"version-history":[{"count":1,"href":"https:\/\/www.egemtv.com\/index.php?rest_route=\/wp\/v2\/posts\/52091\/revisions"}],"predecessor-version":[{"id":52093,"href":"https:\/\/www.egemtv.com\/index.php?rest_route=\/wp\/v2\/posts\/52091\/revisions\/52093"}],"wp:featuredmedia":[{"embeddable":true,"href":"https:\/\/www.egemtv.com\/index.php?rest_route=\/wp\/v2\/media\/52092"}],"wp:attachment":[{"href":"https:\/\/www.egemtv.com\/index.php?rest_route=%2Fwp%2Fv2%2Fmedia&parent=52091"}],"wp:term":[{"taxonomy":"category","embeddable":true,"href":"https:\/\/www.egemtv.com\/index.php?rest_route=%2Fwp%2Fv2%2Fcategories&post=52091"},{"taxonomy":"post_tag","embeddable":true,"href":"https:\/\/www.egemtv.com\/index.php?rest_route=%2Fwp%2Fv2%2Ftags&post=52091"}],"curies":[{"name":"wp","href":"https:\/\/api.w.org\/{rel}","templated":true}]}}