{"id":52088,"date":"2025-08-29T19:15:28","date_gmt":"2025-08-29T16:15:28","guid":{"rendered":"https:\/\/www.egemtv.com\/?p=52088"},"modified":"2025-08-29T19:15:29","modified_gmt":"2025-08-29T16:15:29","slug":"mcbu-rektoru-kibardan-yok-baskani-ozvara-hayirli-olsun-ziyareti","status":"publish","type":"post","link":"https:\/\/www.egemtv.com\/?p=52088","title":{"rendered":"MCB\u00dc Rekt\u00f6r\u00fc Kibar\u2019dan Y\u00d6K Ba\u015fkan\u0131 \u00d6zvar\u2019a hay\u0131rl\u0131 olsun ziyareti"},"content":{"rendered":"<p>Manisa Celal Bayar \u00dcniversitesi (MCB\u00dc) Rekt\u00f6r\u00fc Prof. Dr. Rana Kibar, yeniden Y\u00fcksek\u00f6\u011fretim Kurulu (Y\u00d6K) Ba\u015fkanl\u0131\u011f\u0131na atanan Prof. Dr. Erol \u00d6zvar\u2019\u0131 makam\u0131nda ziyaret etti.<br \/>\n<br \/>Prof. Dr. Kibar, \u00d6zvar\u2019a yeni g\u00f6rev d\u00f6neminde ba\u015far\u0131 dileklerini iletirken, g\u00f6r\u00fc\u015fmede y\u00fcksek\u00f6\u011fretim sistemindeki g\u00fcncel geli\u015fmeler ve gelece\u011fe y\u00f6nelik projeler ele al\u0131nd\u0131. \u00d6zellikle dijitalle\u015fme, kalite g\u00fcvencesi ve \u00f6\u011frenci odakl\u0131 e\u011fitim modelleri konular\u0131nda kar\u015f\u0131l\u0131kl\u0131 de\u011ferlendirmelerde bulunuldu.<br \/>\n<br \/>Ziyaretten duydu\u011fu memnuniyeti dile getiren Y\u00d6K Ba\u015fkan\u0131 Prof. Dr. Erol \u00d6zvar, Rekt\u00f6r Prof. Dr. Rana Kibar\u2019a te\u015fekk\u00fcr ederek Manisa Celal Bayar \u00dcniversitesi\u2019nde y\u00fcr\u00fct\u00fclen \u00e7al\u0131\u015fmalarda ba\u015far\u0131lar diledi.<br \/><\/p>\n","protected":false},"excerpt":{"rendered":"<p>Manisa Celal Bayar \u00dcniversitesi (MCB\u00dc) Rekt\u00f6r\u00fc Prof. Dr. Rana Kibar, yeniden Y\u00fcksek\u00f6\u011fretim Kurulu (Y\u00d6K) Ba\u015fkanl\u0131\u011f\u0131na atanan Prof. Dr. Erol \u00d6zvar\u2019\u0131 makam\u0131nda ziyaret etti. Prof. Dr. Kibar, \u00d6zvar\u2019a yeni g\u00f6rev d\u00f6neminde ba\u015far\u0131 dileklerini iletirken, g\u00f6r\u00fc\u015fmede y\u00fcksek\u00f6\u011fretim sistemindeki g\u00fcncel geli\u015fmeler ve gelece\u011fe y\u00f6nelik projeler ele al\u0131nd\u0131. \u00d6zellikle dijitalle\u015fme, kalite g\u00fcvencesi ve \u00f6\u011frenci odakl\u0131 e\u011fitim modelleri konular\u0131nda kar\u015f\u0131l\u0131kl\u0131&#8230;<\/p>\n","protected":false},"author":1,"featured_media":52089,"comment_status":"open","ping_status":"open","sticky":false,"template":"","format":"standard","meta":{"_crdt_document":"","footnotes":""},"categories":[1],"tags":[],"class_list":["post-52088","post","type-post","status-publish","format-standard","has-post-thumbnail","hentry","category-guncel"],"_links":{"self":[{"href":"https:\/\/www.egemtv.com\/index.php?rest_route=\/wp\/v2\/posts\/52088","targetHints":{"allow":["GET"]}}],"collection":[{"href":"https:\/\/www.egemtv.com\/index.php?rest_route=\/wp\/v2\/posts"}],"about":[{"href":"https:\/\/www.egemtv.com\/index.php?rest_route=\/wp\/v2\/types\/post"}],"author":[{"embeddable":true,"href":"https:\/\/www.egemtv.com\/index.php?rest_route=\/wp\/v2\/users\/1"}],"replies":[{"embeddable":true,"href":"https:\/\/www.egemtv.com\/index.php?rest_route=%2Fwp%2Fv2%2Fcomments&post=52088"}],"version-history":[{"count":1,"href":"https:\/\/www.egemtv.com\/index.php?rest_route=\/wp\/v2\/posts\/52088\/revisions"}],"predecessor-version":[{"id":52090,"href":"https:\/\/www.egemtv.com\/index.php?rest_route=\/wp\/v2\/posts\/52088\/revisions\/52090"}],"wp:featuredmedia":[{"embeddable":true,"href":"https:\/\/www.egemtv.com\/index.php?rest_route=\/wp\/v2\/media\/52089"}],"wp:attachment":[{"href":"https:\/\/www.egemtv.com\/index.php?rest_route=%2Fwp%2Fv2%2Fmedia&parent=52088"}],"wp:term":[{"taxonomy":"category","embeddable":true,"href":"https:\/\/www.egemtv.com\/index.php?rest_route=%2Fwp%2Fv2%2Fcategories&post=52088"},{"taxonomy":"post_tag","embeddable":true,"href":"https:\/\/www.egemtv.com\/index.php?rest_route=%2Fwp%2Fv2%2Ftags&post=52088"}],"curies":[{"name":"wp","href":"https:\/\/api.w.org\/{rel}","templated":true}]}}