{"id":52085,"date":"2025-08-29T18:54:38","date_gmt":"2025-08-29T15:54:38","guid":{"rendered":"https:\/\/www.egemtv.com\/?p=52085"},"modified":"2025-08-29T18:54:39","modified_gmt":"2025-08-29T15:54:39","slug":"teknede-yaralanan-cocuk-icin-tibbi-tahliye","status":"publish","type":"post","link":"https:\/\/www.egemtv.com\/?p=52085","title":{"rendered":"Teknede yaralanan \u00e7ocuk i\u00e7in t\u0131bbi tahliye"},"content":{"rendered":"<p>Mu\u011fla\u2019n\u0131n Fethiye il\u00e7esi a\u00e7\u0131klar\u0131nda seyreden gezi teknesinde yaralanan gen\u00e7 i\u00e7in t\u0131bbi tahliye ger\u00e7ekle\u015ftirildi.<br \/>\n<br \/>Fethiyle il\u00e7esi a\u00e7\u0131klar\u0131nda seyreden gezi teknesinde yaralanan bir vatanda\u015f i\u00e7in yard\u0131m \u00e7a\u011fr\u0131s\u0131 yap\u0131ld\u0131. Yap\u0131lan yard\u0131m \u00e7a\u011fr\u0131s\u0131 \u00fczerine y\u00f6nlendirilen Sahil G\u00fcvenlik ekipleri yaralanan genci bota alarak 112 ambulans ekiplerine teslim etti.<br \/><\/p>\n","protected":false},"excerpt":{"rendered":"<p>Mu\u011fla\u2019n\u0131n Fethiye il\u00e7esi a\u00e7\u0131klar\u0131nda seyreden gezi teknesinde yaralanan gen\u00e7 i\u00e7in t\u0131bbi tahliye ger\u00e7ekle\u015ftirildi. Fethiyle il\u00e7esi a\u00e7\u0131klar\u0131nda seyreden gezi teknesinde yaralanan bir vatanda\u015f i\u00e7in yard\u0131m \u00e7a\u011fr\u0131s\u0131 yap\u0131ld\u0131. Yap\u0131lan yard\u0131m \u00e7a\u011fr\u0131s\u0131 \u00fczerine y\u00f6nlendirilen Sahil G\u00fcvenlik ekipleri yaralanan genci bota alarak 112 ambulans ekiplerine teslim etti.<\/p>\n","protected":false},"author":1,"featured_media":52086,"comment_status":"open","ping_status":"open","sticky":false,"template":"","format":"standard","meta":{"_crdt_document":"","footnotes":""},"categories":[2],"tags":[],"class_list":["post-52085","post","type-post","status-publish","format-standard","has-post-thumbnail","hentry","category-saglik"],"_links":{"self":[{"href":"https:\/\/www.egemtv.com\/index.php?rest_route=\/wp\/v2\/posts\/52085","targetHints":{"allow":["GET"]}}],"collection":[{"href":"https:\/\/www.egemtv.com\/index.php?rest_route=\/wp\/v2\/posts"}],"about":[{"href":"https:\/\/www.egemtv.com\/index.php?rest_route=\/wp\/v2\/types\/post"}],"author":[{"embeddable":true,"href":"https:\/\/www.egemtv.com\/index.php?rest_route=\/wp\/v2\/users\/1"}],"replies":[{"embeddable":true,"href":"https:\/\/www.egemtv.com\/index.php?rest_route=%2Fwp%2Fv2%2Fcomments&post=52085"}],"version-history":[{"count":1,"href":"https:\/\/www.egemtv.com\/index.php?rest_route=\/wp\/v2\/posts\/52085\/revisions"}],"predecessor-version":[{"id":52087,"href":"https:\/\/www.egemtv.com\/index.php?rest_route=\/wp\/v2\/posts\/52085\/revisions\/52087"}],"wp:featuredmedia":[{"embeddable":true,"href":"https:\/\/www.egemtv.com\/index.php?rest_route=\/wp\/v2\/media\/52086"}],"wp:attachment":[{"href":"https:\/\/www.egemtv.com\/index.php?rest_route=%2Fwp%2Fv2%2Fmedia&parent=52085"}],"wp:term":[{"taxonomy":"category","embeddable":true,"href":"https:\/\/www.egemtv.com\/index.php?rest_route=%2Fwp%2Fv2%2Fcategories&post=52085"},{"taxonomy":"post_tag","embeddable":true,"href":"https:\/\/www.egemtv.com\/index.php?rest_route=%2Fwp%2Fv2%2Ftags&post=52085"}],"curies":[{"name":"wp","href":"https:\/\/api.w.org\/{rel}","templated":true}]}}