{"id":52082,"date":"2025-08-29T18:34:54","date_gmt":"2025-08-29T15:34:54","guid":{"rendered":"https:\/\/www.egemtv.com\/?p=52082"},"modified":"2025-08-29T18:34:54","modified_gmt":"2025-08-29T15:34:54","slug":"baskan-saygili-nerede-bir-afet-yasanirsa-yasansin-devletimiz-ve-hukumetimiz-oradadir-milletimizin-yanindadir","status":"publish","type":"post","link":"https:\/\/www.egemtv.com\/?p=52082","title":{"rendered":"Ba\u015fkan Sayg\u0131l\u0131: &#8220;Nerede bir afet ya\u015fan\u0131rsa ya\u015fans\u0131n devletimiz ve h\u00fck\u00fcmetimiz oradad\u0131r, milletimizin yan\u0131ndad\u0131r&#8221;"},"content":{"rendered":"<p>\u00c7evre, \u015eehircilik ve \u0130klim De\u011fi\u015fikli\u011fi Bakan\u0131 Murat Kurum\u2019un kat\u0131l\u0131m\u0131yla \u00d6demi\u015f\u2019te meydana gelen yang\u0131n\u0131n ard\u0131ndan yanan evlerin yap\u0131lmas\u0131 i\u00e7in d\u00fczenlenen e\u015f zamanl\u0131 temel atma t\u00f6reni sonras\u0131 de\u011ferlendirmelerde bulunan AK Parti \u0130zmir \u0130l Ba\u015fkan\u0131 Bilal Sayg\u0131l\u0131, &#8220;\u00d6demi\u015f\u2019te 138, Seferihisar\u2019da 143 olmak \u00fczere toplam 281 konut in\u015fa edilecek. Cumhurba\u015fkan\u0131m\u0131z Recep Tayyip Erdo\u011fan, yang\u0131n\u0131 ilk andan itibaren yak\u0131ndan takip etti ve hem\u015fehrilerimizin evlerinin yap\u0131lmas\u0131 i\u00e7in derhal talimat verdi. Bakan\u0131m\u0131z Murat Kurum\u2019un kat\u0131l\u0131m\u0131yla temel atma t\u00f6renimizi ger\u00e7ekle\u015ftirmenin mutlulu\u011fu i\u00e7erisindeyiz. Nerede bir afet ya\u015fan\u0131rsa ya\u015fans\u0131n devletimiz ve h\u00fck\u00fcmetimiz oradad\u0131r, milletimizin yan\u0131ndad\u0131r.&#8221; dedi.<br \/>\n<br \/>\u0130zmir\u2019in \u00d6demi\u015f il\u00e7esinde Temmuz ay\u0131 ba\u015f\u0131nda \u00e7\u0131kan yang\u0131nda zarar g\u00f6ren k\u00f6ylerde, yeni evlerin temellerinin at\u0131ld\u0131\u011f\u0131 t\u00f6rene; \u00c7evre \u015eehircilik ve \u0130klim De\u011fi\u015fikli\u011fi Bakan\u0131 Murat Kurum, AK Parti Genel Sekreteri ve \u0130zmir Milletvekili Eyy\u00fcp Kadir \u0130nan, AK Parti \u0130zmir \u0130l Ba\u015fkan\u0131 Bilal Sayg\u0131l\u0131, AK Parti MKYK \u00dcyesi Hamza Da\u011f, AK Parti \u0130zmir Milletvekili Mahmut Atilla Kaya, MHP \u0130zmir \u0130l Ba\u015fkan\u0131 Veysel \u015eahin, \u0130zmir Valisi S\u00fcleyman Elban, Belediye ba\u015fkanlar\u0131 ve vatanda\u015flar kat\u0131ld\u0131.<br \/>\n<br \/>Temel atma t\u00f6reni sonras\u0131 de\u011ferlendirmelerde bulunan AK Parti \u0130zmir \u0130l Ba\u015fkan\u0131 Bilal Sayg\u0131l\u0131, &#8220;Temmuz ay\u0131n\u0131n ba\u015f\u0131nda ya\u015fanan b\u00fcy\u00fck yang\u0131nda k\u00f6ylerimizde bir\u00e7ok ev yand\u0131. En b\u00fcy\u00fck tesellimiz can kayb\u0131 ya\u015fanmam\u0131\u015f olmas\u0131yd\u0131. Cumhurba\u015fkan\u0131m\u0131z Recep Tayyip Erdo\u011fan, yang\u0131n\u0131 ilk andan itibaren yak\u0131ndan takip etti ve \u00d6demi\u015fli hem\u015fehrilerimizin evlerinin yap\u0131lmas\u0131 i\u00e7in hemen talimat verdi. \u00c7evre, \u015eehircilik ve \u0130klim De\u011fi\u015fikli\u011fi Bakan\u0131m\u0131z  Murat Kurum, yang\u0131n\u0131n hemen ard\u0131ndan b\u00f6lgeye gelerek yerinde incelemelerde bulundu ve k\u0131sa s\u00fcrede kal\u0131c\u0131 konutlar\u0131n yap\u0131m s\u00fcreci ba\u015flat\u0131ld\u0131.&#8221;<\/p>\n<p>&#8220;Vatanda\u015flar\u0131m\u0131z modern, g\u00fcvenli ve ya\u015fanabilir yeni yuvalar\u0131na kavu\u015facak&#8221;<br \/>\n<br \/>Ba\u015fkan Sayg\u0131l\u0131, s\u00f6zlerini \u015fu \u015fekilde s\u00fcrd\u00fcrd\u00fc, \u2018\u2019\u00d6demi\u015f Karado\u011fan\u2019da 55, Tosunlar\u2019da 64, Su\u00e7\u0131kt\u0131\u2019da 14, \u00dcz\u00fcml\u00fc\u2019de 5 olmak \u00fczere toplamda 138 k\u00f6y evi, 21 ah\u0131r, 1 cami ve 1 k\u00f6y kona\u011f\u0131 in\u015fa edilecek. Yakla\u015f\u0131k 1 milyar TL\u2019lik yat\u0131r\u0131mla yap\u0131lacak bu projeler, en ge\u00e7 10 ay i\u00e7inde tamamlanarak vatanda\u015flar\u0131m\u0131za teslim edilecek. Yine Seferihisar\u2019da da 143 adet konut yap\u0131lacak. \u00d6demi\u015f ve Seferihisar\u2019da toplam 281 adet konutun ihaleleri yap\u0131ld\u0131 ve Bakan\u0131m\u0131z Murat Kurum\u2019un kat\u0131l\u0131m\u0131yla t\u00f6renle e\u015f zamanl\u0131 temelleri att\u0131k. Vatanda\u015flar\u0131m\u0131z modern, g\u00fcvenli ve ya\u015fanabilir yeni yuvalar\u0131na kavu\u015facak. \u00d6demi\u015f ile yak\u0131ndan ilgilenen ba\u015fta Cumhurba\u015fkan\u0131m\u0131z Recep Tayyip Erdo\u011fan olmak \u00fczere Bakan\u0131m\u0131z Murat Kurum\u2019a, Genel Sekreterimiz ve \u0130zmir Milletvekilimiz Eyy\u00fcp Kadir \u0130nan\u2019a, \u0130zmir Milletvekillerimize te\u015fekk\u00fcr ediyorum. &#8221; ifadelerini kulland\u0131<\/p>\n<p>&#8220;Nerede bir afet ya\u015fan\u0131rsa ya\u015fans\u0131n, devletimiz ve h\u00fck\u00fcmetimiz oradad\u0131r&#8221;<br \/>\n<br \/>Ba\u015fkan Sayg\u0131l\u0131, AK Parti h\u00fck\u00fcmetlerinin her zaman milletin yan\u0131nda oldu\u011funa dikkat \u00e7ekerek \u015funlar\u0131 dile getirdi: &#8220;Cumhurba\u015fkan\u0131m\u0131z Recep Tayyip Erdo\u011fan liderli\u011finde; \u0130zmir depreminde nas\u0131l s\u00f6z\u00fcm\u00fcz\u00fc tutup konutlar\u0131 h\u0131zla in\u015fa ederek hak sahiplerine teslim ettiysek; 6 \u015eubat\u2019ta 11 ilimizi vuran asr\u0131n felaketinde de depremzedelerimizin yan\u0131nda olduk, olmaya devam ediyorsak; Antalya\u2019daki yang\u0131nda, Kastamonu\u2019daki sel felaketinde de vatanda\u015flar\u0131m\u0131z\u0131n evlerini yap\u0131p teslim ettiysek; Nerede bir afet ya\u015fan\u0131rsa ya\u015fans\u0131n, devletimiz ve h\u00fck\u00fcmetimiz oradad\u0131r, milletimizin yan\u0131ndad\u0131r. \u00d6demi\u015fli ve Seferihisarl\u0131 hem\u015fehrilerimiz de en k\u0131sa s\u00fcrede yeni yuvalar\u0131na kavu\u015facak.&#8221; dedi.<br \/><\/p>\n","protected":false},"excerpt":{"rendered":"<p>\u00c7evre, \u015eehircilik ve \u0130klim De\u011fi\u015fikli\u011fi Bakan\u0131 Murat Kurum\u2019un kat\u0131l\u0131m\u0131yla \u00d6demi\u015f\u2019te meydana gelen yang\u0131n\u0131n ard\u0131ndan yanan evlerin yap\u0131lmas\u0131 i\u00e7in d\u00fczenlenen e\u015f zamanl\u0131 temel atma t\u00f6reni sonras\u0131 de\u011ferlendirmelerde bulunan AK Parti \u0130zmir \u0130l Ba\u015fkan\u0131 Bilal Sayg\u0131l\u0131, &#8220;\u00d6demi\u015f\u2019te 138, Seferihisar\u2019da 143 olmak \u00fczere toplam 281 konut in\u015fa edilecek. Cumhurba\u015fkan\u0131m\u0131z Recep Tayyip Erdo\u011fan, yang\u0131n\u0131 ilk andan itibaren yak\u0131ndan takip&#8230;<\/p>\n","protected":false},"author":1,"featured_media":52083,"comment_status":"open","ping_status":"open","sticky":false,"template":"","format":"standard","meta":{"_crdt_document":"","footnotes":""},"categories":[127],"tags":[],"class_list":["post-52082","post","type-post","status-publish","format-standard","has-post-thumbnail","hentry","category-siyaset"],"_links":{"self":[{"href":"https:\/\/www.egemtv.com\/index.php?rest_route=\/wp\/v2\/posts\/52082","targetHints":{"allow":["GET"]}}],"collection":[{"href":"https:\/\/www.egemtv.com\/index.php?rest_route=\/wp\/v2\/posts"}],"about":[{"href":"https:\/\/www.egemtv.com\/index.php?rest_route=\/wp\/v2\/types\/post"}],"author":[{"embeddable":true,"href":"https:\/\/www.egemtv.com\/index.php?rest_route=\/wp\/v2\/users\/1"}],"replies":[{"embeddable":true,"href":"https:\/\/www.egemtv.com\/index.php?rest_route=%2Fwp%2Fv2%2Fcomments&post=52082"}],"version-history":[{"count":1,"href":"https:\/\/www.egemtv.com\/index.php?rest_route=\/wp\/v2\/posts\/52082\/revisions"}],"predecessor-version":[{"id":52084,"href":"https:\/\/www.egemtv.com\/index.php?rest_route=\/wp\/v2\/posts\/52082\/revisions\/52084"}],"wp:featuredmedia":[{"embeddable":true,"href":"https:\/\/www.egemtv.com\/index.php?rest_route=\/wp\/v2\/media\/52083"}],"wp:attachment":[{"href":"https:\/\/www.egemtv.com\/index.php?rest_route=%2Fwp%2Fv2%2Fmedia&parent=52082"}],"wp:term":[{"taxonomy":"category","embeddable":true,"href":"https:\/\/www.egemtv.com\/index.php?rest_route=%2Fwp%2Fv2%2Fcategories&post=52082"},{"taxonomy":"post_tag","embeddable":true,"href":"https:\/\/www.egemtv.com\/index.php?rest_route=%2Fwp%2Fv2%2Ftags&post=52082"}],"curies":[{"name":"wp","href":"https:\/\/api.w.org\/{rel}","templated":true}]}}