{"id":52079,"date":"2025-08-29T18:34:53","date_gmt":"2025-08-29T15:34:53","guid":{"rendered":"https:\/\/www.egemtv.com\/?p=52079"},"modified":"2025-08-29T18:34:54","modified_gmt":"2025-08-29T15:34:54","slug":"izmirde-yangin-yaralari-sariliyor-281-yeni-konutun-temeli-atildi","status":"publish","type":"post","link":"https:\/\/www.egemtv.com\/?p=52079","title":{"rendered":"\u0130zmir\u2019de yang\u0131n yaralar\u0131 sar\u0131l\u0131yor: 281 yeni konutun temeli at\u0131ld\u0131"},"content":{"rendered":"<p>\u0130zmir\u2019in \u00d6demi\u015f il\u00e7esinde orman yang\u0131nlar\u0131 sonras\u0131 yeniden in\u015fa edilecek konutlar\u0131n temel atma t\u00f6reninde konu\u015fan \u00c7evre, \u015eehircilik ve \u0130klim De\u011fi\u015fikli\u011fi Bakan\u0131 Murat Kurum, &#8220;En ge\u00e7 1 y\u0131l i\u00e7inde teslim edece\u011fimiz bu yeni yuvalarda aileler \u00e7ocuklar\u0131yla yeni hat\u0131ralar biriktirecek. \u0130zmir\u2019in bereketi yeniden canlanacak&#8221; dedi.<br \/>\n<br \/>\u00c7evre, \u015eehircilik ve \u0130klim De\u011fi\u015fikli\u011fi Bakan\u0131 Kurum, \u0130zmir \u00d6demi\u015f\u2019te orman yang\u0131nlar\u0131 sonras\u0131 yeniden in\u015fa edilecek konutlar\u0131n temel atma t\u00f6renine kat\u0131ld\u0131. Toplu Konut \u0130daresi Ba\u015fkanl\u0131\u011f\u0131 (TOK\u0130) taraf\u0131ndan y\u00fcr\u00fct\u00fclecek proje kapsam\u0131nda \u00d6demi\u015f\u2019in Tosunlar, Karada\u011fon, Su\u00e7\u0131kt\u0131 ve \u00dcz\u00fcml\u00fc mahallelerinde 138 k\u00f6y evi, 21 ah\u0131r, 1 cami ve 1 k\u00f6y kona\u011f\u0131 olmak \u00fczere toplam 161 ba\u011f\u0131ms\u0131z b\u00f6l\u00fcm yap\u0131lacak. Seferihisar\u2019\u0131n Camikebir Mahallesi\u2019nde ise 143 afet konutu in\u015fa edilecek. B\u00f6ylece \u0130zmir\u2019de yang\u0131ndan etkilenen b\u00f6lgelerde toplam 281 konut y\u00fckselmi\u015f olacak.<\/p>\n<p>&#8220;Devlet milletini yaln\u0131z b\u0131rakmad\u0131&#8221;<br \/>\n<br \/>T\u00f6rende konu\u015fan Bakan Kurum, yang\u0131nlar\u0131n izlerini silmek i\u00e7in yo\u011fun bir \u00e7al\u0131\u015fma y\u00fcr\u00fct\u00fcld\u00fc\u011f\u00fcn\u00fc belirterek, \u015funlar\u0131 s\u00f6yledi:<br \/>\n<br \/>&#8220;\u00d6demi\u015f\u2019te 138 k\u00f6y evi, 21 ah\u0131r ve cami ile k\u00f6y kona\u011f\u0131n\u0131n ilk harc\u0131n\u0131 d\u00f6kece\u011fiz. Afetten etkilenen Seferihisar\u2019daki 143 konutun yap\u0131m\u0131n\u0131 da ba\u015flataca\u011f\u0131z. Orman yang\u0131nlar\u0131nda hayat\u0131n\u0131 kaybeden karde\u015flerimize Allah\u2019tan rahmet diliyorum. Ye\u015fil vatan\u0131m\u0131z i\u00e7in can\u0131 pahas\u0131na m\u00fccadele eden kahramanlar\u0131m\u0131za \u015f\u00fckranlar\u0131m\u0131 sunuyorum. Yang\u0131n\u0131n ilk an\u0131ndan itibaren AFAD, K\u0131z\u0131lay, jandarma, itfaiye ve t\u00fcm kurumlar\u0131m\u0131zla vatanda\u015flar\u0131m\u0131z\u0131n yan\u0131ndayd\u0131k. Devletimiz g\u00fc\u00e7l\u00fcd\u00fcr, milletimiz b\u00fcy\u00fckt\u00fcr. Devlet milletini yaln\u0131z b\u0131rakmam\u0131\u015ft\u0131r, bundan sonra da b\u0131rakmayacakt\u0131r.&#8221;<\/p>\n<p>&#8220;Yeni bir gelecek in\u015fa ediyoruz&#8221;<br \/>\n<br \/>Bakan Kurum, sadece konut de\u011fil yeni bir ya\u015fam alan\u0131 kuruldu\u011funu ifade ederek, &#8220;Evi yanan Cavit amcam\u0131z\u0131n g\u00f6zya\u015flar\u0131n\u0131 unutam\u0131yorum. Her evin yerine daha sa\u011flam\u0131n\u0131 yapaca\u011f\u0131z. \u0130zmirli karde\u015flerimize verdi\u011fimiz s\u00f6z\u00fc yerine getirmenin mutlulu\u011funu ya\u015f\u0131yoruz. \u00c7ift\u00e7ilerimize ah\u0131rlar\u0131, depolar\u0131 ile k\u00f6y hayat\u0131na uyumlu ya\u015fam alanlar\u0131 kuruyoruz. En ge\u00e7 1 y\u0131l i\u00e7inde teslim edece\u011fimiz bu evlerde ailelerimiz huzurla ya\u015fayacak. \u0130zmir\u2019in bereketi yeniden canlanacak&#8221; diye konu\u015ftu.<br \/>\n<br \/>Ele\u015ftirilere de yan\u0131t veren Bakan Kurum, &#8220;Ormanl\u0131k alanlar ranta a\u00e7\u0131lmad\u0131, a\u00e7\u0131lmayacak. Afetzede vatanda\u015flar\u0131m\u0131z s\u00f6z verdi\u011fimiz gibi yeni evlerine kavu\u015facak. \u0130zmir\u2019deki temelleri at\u0131lan bu evler, \u00d6demi\u015fli karde\u015flerimize aittir ve \u00f6yle kalacakt\u0131r&#8221; dedi.<\/p>\n<p>Vali Elban: &#8220;S\u00f6zler bir bir yerine getiriliyor&#8221;<br \/>\n<br \/>\u0130zmir Valisi S\u00fcleyman Elban ise, 2 Temmuz\u2019da ba\u015flayan \u00d6demi\u015f yang\u0131n\u0131n\u0131 hat\u0131rlatarak, &#8220;Yang\u0131n s\u0131ras\u0131nda r\u00fczg\u00e2r ve alevlere ra\u011fmen havadan ve karadan m\u00fcdahale edildi. Maalesef kay\u0131plar\u0131m\u0131z oldu. Bakan\u0131m\u0131z daha yang\u0131n s\u00f6nmeden b\u00f6lgemize geldi, en ge\u00e7 1 y\u0131l i\u00e7inde konutlar\u0131n teslim edilece\u011fini a\u00e7\u0131klad\u0131. Bug\u00fcn o s\u00f6zlerin tutuldu\u011funu g\u00f6r\u00fcyoruz. Hay\u0131rl\u0131 olsun&#8221; ifadelerini kulland\u0131.<\/p>\n<p>Ba\u015fkan Tugay\u2019dan i\u015f birli\u011fi \u00e7a\u011fr\u0131s\u0131<br \/>\n<br \/>\u0130zmir B\u00fcy\u00fck\u015fehir Belediye Ba\u015fkan\u0131 Cemil Tugay da afetlere kar\u015f\u0131 ortak \u00e7al\u0131\u015fma vurgusu yaparak, &#8220;\u00dclkemiz ve \u015fehrimiz son y\u0131llarda bir\u00e7ok afete maruz kald\u0131. K\u00fc\u00e7\u00fck Menderes Havzas\u0131 tar\u0131m ve hayvanc\u0131l\u0131\u011f\u0131n en yo\u011fun yap\u0131ld\u0131\u011f\u0131 b\u00f6lge. Ormana kom\u015fu k\u00f6ylerde risk devam ediyor. Bu nedenle i\u015f birli\u011fi i\u00e7inde daha \u00e7ok \u00e7al\u0131\u015fmal\u0131y\u0131z&#8221; dedi.<\/p>\n<p>&#8220;\u00d6demi\u015f\u2019e 7 milyarl\u0131k yat\u0131r\u0131m&#8221;<br \/>\n<br \/>AK Parti Genel Sekreteri Eyy\u00fcp Kadir \u0130nan ise \u00d6demi\u015f\u2019e yap\u0131lan yat\u0131r\u0131mlar\u0131 anlatarak, &#8220;\u00d6demi\u015f\u2019in k\u00fcllere d\u00f6nen mahallelerini yeniden aya\u011fa kald\u0131r\u0131yoruz. Cumhurba\u015fkan\u0131m\u0131z\u0131n liderli\u011finde 6 \u015eubat depreminde nas\u0131l sahadaysak bug\u00fcn de buraday\u0131z. \u00d6demi\u015f\u2019e bug\u00fcne kadar toplamda 7 milyar liral\u0131k yat\u0131r\u0131m yap\u0131ld\u0131. Torbal\u0131-\u00d6demi\u015f-Kiraz yolunun 80 kilometresini tamamlad\u0131k&#8221; ifadelerine yer verdi.<\/p>\n<p>&#8220;Do\u011fayla bulu\u015fan evler&#8221;<br \/>\n<br \/>TOK\u0130 Ba\u015fkan\u0131 Levent Sungur, in\u015fa edilecek evlerin modern ve k\u00f6y ya\u015fam\u0131na uyumlu olaca\u011f\u0131n\u0131 s\u00f6yleyerek, &#8220;Bacalar yeniden t\u00fctecek, k\u00f6y emarelerimiz hayat bulacak. Tosunlar\u2019da cami ve k\u00f6y kona\u011f\u0131 yap\u0131lacak. Bu evler vatanda\u015flar\u0131m\u0131z\u0131n huzurla ya\u015fayabilece\u011fi do\u011fayla bulu\u015fan yap\u0131lar olacak. Analar\u0131m\u0131z\u0131n duas\u0131, karde\u015flerimizin al\u0131n teriyle bu topraklarda hayat yeniden ye\u015ferecek&#8221; dedi.<\/p>\n<p>305 vatanda\u015fa 50 milyon TL destek<br \/>\n<br \/>AFAD Ba\u015fkan\u0131 Ali Hamza Pehlivan ise yang\u0131nlardan etkilenen vatanda\u015flara sa\u011flanan yard\u0131mlar\u0131 anlatarak, &#8220;25 Haziran ile 7 Temmuz aras\u0131nda \u0130zmir\u2019de yo\u011fun yang\u0131nlar ya\u015fand\u0131. Hasar tespit \u00e7al\u0131\u015fmalar\u0131n\u0131n ard\u0131ndan 305 vatanda\u015f\u0131m\u0131za toplamda 50 milyona yak\u0131n destek sa\u011flad\u0131k. Valilik ve AFAD olarak \u0130zmir\u2019e 60 milyon TL \u00f6denek aktard\u0131k. Bug\u00fcn temel atma a\u015famas\u0131na gelmi\u015f olmaktan mutluluk duyuyoruz&#8221; \u015feklinde konu\u015ftu.<\/p>\n<p>Dualarla temel at\u0131ld\u0131<br \/>\n<br \/>Konu\u015fmalar\u0131n ard\u0131ndan Bakan Murat Kurum, protokol \u00fcyeleriyle birlikte butona basarak, dualar e\u015fli\u011finde konutlar\u0131n temelini att\u0131. T\u00f6rene \u0130zmir Valisi S\u00fcleyman Elban, \u0130zmir B\u00fcy\u00fck\u015fehir Belediye Ba\u015fkan\u0131 Cemil Tugay, \u00d6demi\u015f Belediye Ba\u015fkan\u0131 Mustafa Turan, AK Parti Genel Ba\u015fkan Yard\u0131mc\u0131s\u0131 Hamza Da\u011f, AK Parti Genel Sekreteri Eyy\u00fcp Kadir \u0130nan, AK Parti \u0130l Ba\u015fkan\u0131 Bilal Sayg\u0131l\u0131, MHP \u0130l Ba\u015fkan\u0131 Veysel \u015eahir, TOK\u0130 Ba\u015fkan\u0131 Levent Sungur, AFAD Ba\u015fkan\u0131 Ali Hamza Pehlivan ve \u00e7ok say\u0131da vatanda\u015f kat\u0131ld\u0131.<br \/><\/p>\n","protected":false},"excerpt":{"rendered":"<p>\u0130zmir\u2019in \u00d6demi\u015f il\u00e7esinde orman yang\u0131nlar\u0131 sonras\u0131 yeniden in\u015fa edilecek konutlar\u0131n temel atma t\u00f6reninde konu\u015fan \u00c7evre, \u015eehircilik ve \u0130klim De\u011fi\u015fikli\u011fi Bakan\u0131 Murat Kurum, &#8220;En ge\u00e7 1 y\u0131l i\u00e7inde teslim edece\u011fimiz bu yeni yuvalarda aileler \u00e7ocuklar\u0131yla yeni hat\u0131ralar biriktirecek. \u0130zmir\u2019in bereketi yeniden canlanacak&#8221; dedi. \u00c7evre, \u015eehircilik ve \u0130klim De\u011fi\u015fikli\u011fi Bakan\u0131 Kurum, \u0130zmir \u00d6demi\u015f\u2019te orman yang\u0131nlar\u0131 sonras\u0131 yeniden&#8230;<\/p>\n","protected":false},"author":1,"featured_media":52080,"comment_status":"open","ping_status":"open","sticky":false,"template":"","format":"standard","meta":{"_crdt_document":"","footnotes":""},"categories":[127],"tags":[],"class_list":["post-52079","post","type-post","status-publish","format-standard","has-post-thumbnail","hentry","category-siyaset"],"_links":{"self":[{"href":"https:\/\/www.egemtv.com\/index.php?rest_route=\/wp\/v2\/posts\/52079","targetHints":{"allow":["GET"]}}],"collection":[{"href":"https:\/\/www.egemtv.com\/index.php?rest_route=\/wp\/v2\/posts"}],"about":[{"href":"https:\/\/www.egemtv.com\/index.php?rest_route=\/wp\/v2\/types\/post"}],"author":[{"embeddable":true,"href":"https:\/\/www.egemtv.com\/index.php?rest_route=\/wp\/v2\/users\/1"}],"replies":[{"embeddable":true,"href":"https:\/\/www.egemtv.com\/index.php?rest_route=%2Fwp%2Fv2%2Fcomments&post=52079"}],"version-history":[{"count":1,"href":"https:\/\/www.egemtv.com\/index.php?rest_route=\/wp\/v2\/posts\/52079\/revisions"}],"predecessor-version":[{"id":52081,"href":"https:\/\/www.egemtv.com\/index.php?rest_route=\/wp\/v2\/posts\/52079\/revisions\/52081"}],"wp:featuredmedia":[{"embeddable":true,"href":"https:\/\/www.egemtv.com\/index.php?rest_route=\/wp\/v2\/media\/52080"}],"wp:attachment":[{"href":"https:\/\/www.egemtv.com\/index.php?rest_route=%2Fwp%2Fv2%2Fmedia&parent=52079"}],"wp:term":[{"taxonomy":"category","embeddable":true,"href":"https:\/\/www.egemtv.com\/index.php?rest_route=%2Fwp%2Fv2%2Fcategories&post=52079"},{"taxonomy":"post_tag","embeddable":true,"href":"https:\/\/www.egemtv.com\/index.php?rest_route=%2Fwp%2Fv2%2Ftags&post=52079"}],"curies":[{"name":"wp","href":"https:\/\/api.w.org\/{rel}","templated":true}]}}