{"id":52076,"date":"2025-08-29T17:35:00","date_gmt":"2025-08-29T14:35:00","guid":{"rendered":"https:\/\/www.egemtv.com\/?p=52076"},"modified":"2025-08-29T17:35:01","modified_gmt":"2025-08-29T14:35:01","slug":"yunusemrede-cocuklarin-yuzu-guldu","status":"publish","type":"post","link":"https:\/\/www.egemtv.com\/?p=52076","title":{"rendered":"Yunusemre\u2019de \u00e7ocuklar\u0131n y\u00fcz\u00fc g\u00fcld\u00fc"},"content":{"rendered":"<p>Yunusemre Belediyesi ve Yunusemre Kent Konseyi katk\u0131lar\u0131yla d\u00fczenlenen &#8220;Mutlu \u00c7ocuklar&#8221; e\u011flence program\u0131 G\u00fczelyurt Mahallesi\u2019nde ba\u015flad\u0131. Program kapsam\u0131nda \u00e7ocuklar g\u00f6n\u00fcllerince e\u011flendi.<br \/>\n<br \/>Yunusemre Kent Konseyi\u2019nin mahallelerde \u00e7ocuklara y\u00f6nelik ba\u015flatt\u0131\u011f\u0131 etkinlikler \u00e7er\u00e7evesinde hayata ge\u00e7irilen &#8220;Mutlu \u00c7ocuklar&#8221; adl\u0131 program, G\u00fczelyurt Mahallesi Prestij 1 Sitesi\u2019nde ger\u00e7ekle\u015ftirildi. \u00c7ocuk Meclisleri \u00c7al\u0131\u015fma Alt Grubu\u2019nun organizasyonuyla, Kent Konseyi Y\u00f6netim Kurulu \u00dcyesi Hikmet Oban \u00f6nderli\u011finde yap\u0131lan etkinlikte minikler doyas\u0131ya e\u011flenceli vakit ge\u00e7irdi.<br \/>\n<br \/>\u00c7ocuklar ve aileleri, kendileri i\u00e7in d\u00fczenlenen etkinliklerden dolay\u0131 Yunusemre Belediyesi ve Kent Konseyi\u2019ne te\u015fekk\u00fcr etti.<br \/><\/p>\n","protected":false},"excerpt":{"rendered":"<p>Yunusemre Belediyesi ve Yunusemre Kent Konseyi katk\u0131lar\u0131yla d\u00fczenlenen &#8220;Mutlu \u00c7ocuklar&#8221; e\u011flence program\u0131 G\u00fczelyurt Mahallesi\u2019nde ba\u015flad\u0131. Program kapsam\u0131nda \u00e7ocuklar g\u00f6n\u00fcllerince e\u011flendi. Yunusemre Kent Konseyi\u2019nin mahallelerde \u00e7ocuklara y\u00f6nelik ba\u015flatt\u0131\u011f\u0131 etkinlikler \u00e7er\u00e7evesinde hayata ge\u00e7irilen &#8220;Mutlu \u00c7ocuklar&#8221; adl\u0131 program, G\u00fczelyurt Mahallesi Prestij 1 Sitesi\u2019nde ger\u00e7ekle\u015ftirildi. \u00c7ocuk Meclisleri \u00c7al\u0131\u015fma Alt Grubu\u2019nun organizasyonuyla, Kent Konseyi Y\u00f6netim Kurulu \u00dcyesi Hikmet Oban \u00f6nderli\u011finde&#8230;<\/p>\n","protected":false},"author":1,"featured_media":52077,"comment_status":"open","ping_status":"open","sticky":false,"template":"","format":"standard","meta":{"_crdt_document":"","footnotes":""},"categories":[123],"tags":[],"class_list":["post-52076","post","type-post","status-publish","format-standard","has-post-thumbnail","hentry","category-gundem"],"_links":{"self":[{"href":"https:\/\/www.egemtv.com\/index.php?rest_route=\/wp\/v2\/posts\/52076","targetHints":{"allow":["GET"]}}],"collection":[{"href":"https:\/\/www.egemtv.com\/index.php?rest_route=\/wp\/v2\/posts"}],"about":[{"href":"https:\/\/www.egemtv.com\/index.php?rest_route=\/wp\/v2\/types\/post"}],"author":[{"embeddable":true,"href":"https:\/\/www.egemtv.com\/index.php?rest_route=\/wp\/v2\/users\/1"}],"replies":[{"embeddable":true,"href":"https:\/\/www.egemtv.com\/index.php?rest_route=%2Fwp%2Fv2%2Fcomments&post=52076"}],"version-history":[{"count":1,"href":"https:\/\/www.egemtv.com\/index.php?rest_route=\/wp\/v2\/posts\/52076\/revisions"}],"predecessor-version":[{"id":52078,"href":"https:\/\/www.egemtv.com\/index.php?rest_route=\/wp\/v2\/posts\/52076\/revisions\/52078"}],"wp:featuredmedia":[{"embeddable":true,"href":"https:\/\/www.egemtv.com\/index.php?rest_route=\/wp\/v2\/media\/52077"}],"wp:attachment":[{"href":"https:\/\/www.egemtv.com\/index.php?rest_route=%2Fwp%2Fv2%2Fmedia&parent=52076"}],"wp:term":[{"taxonomy":"category","embeddable":true,"href":"https:\/\/www.egemtv.com\/index.php?rest_route=%2Fwp%2Fv2%2Fcategories&post=52076"},{"taxonomy":"post_tag","embeddable":true,"href":"https:\/\/www.egemtv.com\/index.php?rest_route=%2Fwp%2Fv2%2Ftags&post=52076"}],"curies":[{"name":"wp","href":"https:\/\/api.w.org\/{rel}","templated":true}]}}